{"id":24048,"date":"2024-05-13T11:50:05","date_gmt":"2024-05-13T11:50:05","guid":{"rendered":"https:\/\/monlau-motorsport.com\/?p=24048"},"modified":"2024-05-13T11:50:07","modified_gmt":"2024-05-13T11:50:07","slug":"monlau-motul-starts-the-tcr-spain-season-with-two-podiums","status":"publish","type":"post","link":"https:\/\/monlau-motorsport.com\/en\/monlau-motul-starts-the-tcr-spain-season-with-two-podiums\/","title":{"rendered":"Monlau Motul starts the TCR Spain season with two podiums"},"content":{"rendered":"\n<ul class=\"wp-block-list\">\n<li><strong>\u00c9rik Zabala achieved third position in the two races held and is fourth in the general classification, second in the Junior category. The Barcelona team is second in the teams section.<\/strong><\/li>\n\n\n\n<li><strong>\u00c8ric Gen\u00e9 had to abandon the first race when he was third, and in the next he staged an incredible comeback. Sandro Pelatti, for his part, scored in both.<\/strong><br><\/li>\n\n\n\n<li><strong><em>\u201cIt has been a very positive weekend. We must highlight the impressive speed of \u00c8ric Gen\u00e9 on a very complicated and unknown circuit for him. \u00c9rik Zabala has been splendid from start to finish and Sandro has given a performance from less to more,\u201d\u00a0<\/em>\u00a0highlights David Sim\u00f3n, Team Manager of Monlau Motul.<\/strong><br><\/li>\n\n\n\n<li><strong><em>\u201cWe are full of enthusiasm for this season that has just begun. The three drivers have pleasantly surprised us and the mechanics and engineers have done an impeccable job, as always,\u201d\u00a0<\/em>\u00a0says Jaime Serrano, CEO of Monlau Motul.<\/strong><\/li>\n<\/ul>\n\n\n\n<p>Monlau Motul started the 2024 TCR Spain season at the Jarama Circuit, where it took two podiums. Aboard two CUPRA Le\u00f3n VZ TCRs, \u00c9rik Zabala, \u00c8ric Gen\u00e9 and Sandro Pelatti were in charge of defending the colors of the Barcelona team in this first meeting, in which Zabala was the best positioned of the three in the two races that took place. They disputed.<br><br>Framed in the Jarama Speed \u200b\u200bMeeting, the TCR Spain action began on Friday with verifications and a&nbsp;&nbsp;<em>shakedown<\/em>&nbsp;. On Saturday, a free practice session was held, followed by the qualifying round to define the starting grids for the two races on Sunday, in which \u00c8ric Gen\u00e9 achieved a valuable third place. The current TCR Cup champion, \u00c9rik Zabala, was fifth, and Sandro Pelatti 12th.<\/p>\n\n\n\n<p>In the inaugural race, already on Sunday, which consisted of 25 minutes plus one lap, Zabala was the one who achieved the best result of the team. The Navarrese driver knew how to take advantage of the various incidents that occurred on the track, which caused the safety car to come out on two occasions, to cross the finish line third and second in the Junior category. The breakage of the water radiator due to a touch from Gen\u00e9 when he was fighting for silver meant that he had to abandon, which lifted Zabala to the last step of the podium. Pelatti, for his part, climbed some positions to place ninth and add 13 important points for the team.<\/p>\n\n\n\n<p>The finishing touch to the weekend came in the second round, which was held in the afternoon with the first 10 positions of Q2 reversed. Zabala made a very good start that allowed him to go from fifth to third position and repeat bronze, just like in Junior, to culminate a very good start in the Spanish championship. Gen\u00e9, who started from the pit lane due to the penalty for the incident during the first race, staged an incredible comeback, on a new circuit for the Catalan and where overtaking is not easy, to place seventh. Pelatti took the checkered flag in 12th place, which translated into 7 points.<\/p>\n\n\n\n<p>In this way, the Navarrese driver is fourth in the general classification of the competition with 63 points, only one less than the third and eleven from the first, and second among the Juniors. Monlau Motul also occupies second place in the teams section. Gen\u00e9 is ninth overall and sixth Junior, while Pelatti is 12th.<\/p>\n\n\n\n<p><strong>David Sim\u00f3n<\/strong>&nbsp;, Team Manager of Monlau Motul, highlighted the pace of the three drivers:&nbsp;&nbsp;<em>\u201cIt has been a very positive weekend. We must highlight the impressive speed of \u00c8ric Gen\u00e9 on a very complicated and unknown circuit for him, where he has been fast from the beginning. It is a shame about the incident in the first race, but both in qualifying and in the second race he has shown that he had more pace than most of his rivals, so this is a learning experience for this driver who has all the conditions to arrive far. \u00c9rik Zabala has been splendid from start to finish, always in the top five, and has shown that he continues to grow day by day. As for Sandro, he has performed from less to more, becoming more and more sure of himself and starring in beautiful fights.<\/em><\/p>\n\n\n\n<p><strong>Jaime Serrano<\/strong>&nbsp;, CEO of Monlau Motul, valued the work of the entire team:&nbsp;&nbsp;<em>\u201cWithout a doubt, we are full of enthusiasm for this season that has just begun. The three drivers have pleasantly surprised us, we believe they have important talent and we are happy with the results. The work of the mechanics and engineers has been, as always, impeccable. In addition, CUPRA is offering us very valuable support in order to face this course.\u201d<\/em><\/p>\n\n\n\n<p>The team&#8217;s next stop at TCR Spain will be the Portuguese round, which will be held in Estoril, on July 19 and 20.<\/p>\n\n\n\n<figure class=\"wp-block-gallery has-nested-images columns-default is-cropped wp-block-gallery-1 is-layout-flex wp-block-gallery-is-layout-flex\">\n<figure class=\"wp-block-image size-large is-style-default\"><img fetchpriority=\"high\" decoding=\"async\" width=\"1024\" height=\"683\" data-id=\"24040\" src=\"https:\/\/monlau-motorsport.com\/wp-content\/uploads\/2024\/05\/TCR_Spain_Carrera_Jarama_Monlau_2024_2-1024x683.jpg\" alt=\"\" class=\"wp-image-24040\" srcset=\"https:\/\/monlau-motorsport.com\/wp-content\/uploads\/2024\/05\/TCR_Spain_Carrera_Jarama_Monlau_2024_2-1024x683.jpg 1024w, https:\/\/monlau-motorsport.com\/wp-content\/uploads\/2024\/05\/TCR_Spain_Carrera_Jarama_Monlau_2024_2-300x200.jpg 300w, https:\/\/monlau-motorsport.com\/wp-content\/uploads\/2024\/05\/TCR_Spain_Carrera_Jarama_Monlau_2024_2-768x512.jpg 768w, https:\/\/monlau-motorsport.com\/wp-content\/uploads\/2024\/05\/TCR_Spain_Carrera_Jarama_Monlau_2024_2-1536x1024.jpg 1536w, https:\/\/monlau-motorsport.com\/wp-content\/uploads\/2024\/05\/TCR_Spain_Carrera_Jarama_Monlau_2024_2-2048x1365.jpg 2048w\" sizes=\"(max-width: 1024px) 100vw, 1024px\" \/><\/figure>\n\n\n\n<figure class=\"wp-block-image size-large\"><img decoding=\"async\" width=\"1024\" height=\"683\" data-id=\"24042\" src=\"https:\/\/monlau-motorsport.com\/wp-content\/uploads\/2024\/05\/TCR_Spain_Carrera_Jarama_Monlau_2024_3-1024x683.jpg\" alt=\"\" class=\"wp-image-24042\" srcset=\"https:\/\/monlau-motorsport.com\/wp-content\/uploads\/2024\/05\/TCR_Spain_Carrera_Jarama_Monlau_2024_3-1024x683.jpg 1024w, https:\/\/monlau-motorsport.com\/wp-content\/uploads\/2024\/05\/TCR_Spain_Carrera_Jarama_Monlau_2024_3-300x200.jpg 300w, https:\/\/monlau-motorsport.com\/wp-content\/uploads\/2024\/05\/TCR_Spain_Carrera_Jarama_Monlau_2024_3-768x512.jpg 768w, https:\/\/monlau-motorsport.com\/wp-content\/uploads\/2024\/05\/TCR_Spain_Carrera_Jarama_Monlau_2024_3-1536x1024.jpg 1536w, https:\/\/monlau-motorsport.com\/wp-content\/uploads\/2024\/05\/TCR_Spain_Carrera_Jarama_Monlau_2024_3-2048x1365.jpg 2048w\" sizes=\"(max-width: 1024px) 100vw, 1024px\" \/><\/figure>\n\n\n\n<figure class=\"wp-block-image size-large\"><img decoding=\"async\" width=\"1024\" height=\"683\" data-id=\"24044\" src=\"https:\/\/monlau-motorsport.com\/wp-content\/uploads\/2024\/05\/TCR_Spain_Carrera_Jarama_Monlau_2024_4-1024x683.jpg\" alt=\"\" class=\"wp-image-24044\" srcset=\"https:\/\/monlau-motorsport.com\/wp-content\/uploads\/2024\/05\/TCR_Spain_Carrera_Jarama_Monlau_2024_4-1024x683.jpg 1024w, https:\/\/monlau-motorsport.com\/wp-content\/uploads\/2024\/05\/TCR_Spain_Carrera_Jarama_Monlau_2024_4-300x200.jpg 300w, https:\/\/monlau-motorsport.com\/wp-content\/uploads\/2024\/05\/TCR_Spain_Carrera_Jarama_Monlau_2024_4-768x512.jpg 768w, https:\/\/monlau-motorsport.com\/wp-content\/uploads\/2024\/05\/TCR_Spain_Carrera_Jarama_Monlau_2024_4-1536x1024.jpg 1536w, https:\/\/monlau-motorsport.com\/wp-content\/uploads\/2024\/05\/TCR_Spain_Carrera_Jarama_Monlau_2024_4-2048x1365.jpg 2048w\" sizes=\"(max-width: 1024px) 100vw, 1024px\" \/><\/figure>\n<\/figure>\n","protected":false},"excerpt":{"rendered":"<p>Monlau Motul started the 2024 TCR Spain season at the Jarama Circuit, where it took two podiums. Aboard two CUPRA Le\u00f3n VZ TCRs, \u00c9rik Zabala, \u00c8ric Gen\u00e9 and Sandro Pelatti were in charge of defending the colors of the Barcelona team in this first meeting, in which Zabala was the best positioned of the three [&hellip;]<\/p>\n","protected":false},"author":6,"featured_media":24046,"comment_status":"open","ping_status":"open","sticky":false,"template":"","format":"standard","meta":{"newsup_original_id":"","newsup_last_updated":"","site-sidebar-layout":"default","site-content-layout":"default","ast-site-content-layout":"default","site-content-style":"default","site-sidebar-style":"default","ast-global-header-display":"","ast-banner-title-visibility":"","ast-main-header-display":"","ast-hfb-above-header-display":"","ast-hfb-below-header-display":"","ast-hfb-mobile-header-display":"","site-post-title":"","ast-breadcrumbs-content":"","ast-featured-img":"","footer-sml-layout":"","ast-disable-related-posts":"","theme-transparent-header-meta":"default","adv-header-id-meta":"","stick-header-meta":"","header-above-stick-meta":"","header-main-stick-meta":"","header-below-stick-meta":"","astra-migrate-meta-layouts":"default","ast-page-background-enabled":"default","ast-page-background-meta":{"desktop":{"background-color":"","background-image":"","background-repeat":"repeat","background-position":"center center","background-size":"auto","background-attachment":"scroll","background-type":"","background-media":"","overlay-type":"","overlay-color":"","overlay-opacity":"","overlay-gradient":""},"tablet":{"background-color":"","background-image":"","background-repeat":"repeat","background-position":"center center","background-size":"auto","background-attachment":"scroll","background-type":"","background-media":"","overlay-type":"","overlay-color":"","overlay-opacity":"","overlay-gradient":""},"mobile":{"background-color":"","background-image":"","background-repeat":"repeat","background-position":"center center","background-size":"auto","background-attachment":"scroll","background-type":"","background-media":"","overlay-type":"","overlay-color":"","overlay-opacity":"","overlay-gradient":""}},"ast-content-background-meta":{"desktop":{"background-color":"var(--ast-global-color-5)","background-image":"","background-repeat":"repeat","background-position":"center center","background-size":"auto","background-attachment":"scroll","background-type":"","background-media":"","overlay-type":"","overlay-color":"","overlay-opacity":"","overlay-gradient":""},"tablet":{"background-color":"var(--ast-global-color-5)","background-image":"","background-repeat":"repeat","background-position":"center center","background-size":"auto","background-attachment":"scroll","background-type":"","background-media":"","overlay-type":"","overlay-color":"","overlay-opacity":"","overlay-gradient":""},"mobile":{"background-color":"var(--ast-global-color-5)","background-image":"","background-repeat":"repeat","background-position":"center center","background-size":"auto","background-attachment":"scroll","background-type":"","background-media":"","overlay-type":"","overlay-color":"","overlay-opacity":"","overlay-gradient":""}},"footnotes":""},"categories":[21],"tags":[],"class_list":["post-24048","post","type-post","status-publish","format-standard","has-post-thumbnail","hentry","category-uncategorized"],"yoast_head":"<!-- This site is optimized with the Yoast SEO plugin v23.4 - https:\/\/yoast.com\/wordpress\/plugins\/seo\/ -->\n<title>Monlau Motul starts the TCR Spain season with two podiums - Monlau Motorsport<\/title>\n<meta name=\"description\" content=\"The Jarama shows the extreme equality of the category this year, with up to 35 drivers in less than 1.5 seconds in the classification.\" \/>\n<meta name=\"robots\" content=\"index, follow, max-snippet:-1, max-image-preview:large, max-video-preview:-1\" \/>\n<link rel=\"canonical\" href=\"https:\/\/monlau-motorsport.com\/en\/monlau-motul-starts-the-tcr-spain-season-with-two-podiums\/\" \/>\n<meta property=\"og:locale\" content=\"en_US\" \/>\n<meta property=\"og:type\" content=\"article\" \/>\n<meta property=\"og:title\" content=\"Monlau Motul starts the TCR Spain season with two podiums - Monlau Motorsport\" \/>\n<meta property=\"og:description\" content=\"The Jarama shows the extreme equality of the category this year, with up to 35 drivers in less than 1.5 seconds in the classification.\" \/>\n<meta property=\"og:url\" content=\"https:\/\/monlau-motorsport.com\/en\/monlau-motul-starts-the-tcr-spain-season-with-two-podiums\/\" \/>\n<meta property=\"og:site_name\" content=\"Monlau Motorsport\" \/>\n<meta property=\"article:publisher\" content=\"https:\/\/www.facebook.com\/MonlauMotulTechnicalSchool\" \/>\n<meta property=\"article:published_time\" content=\"2024-05-13T11:50:05+00:00\" \/>\n<meta property=\"article:modified_time\" content=\"2024-05-13T11:50:07+00:00\" \/>\n<meta property=\"og:image\" content=\"https:\/\/monlau-motorsport.com\/wp-content\/uploads\/2024\/05\/Jarama-247-scaled.jpg\" \/>\n\t<meta property=\"og:image:width\" content=\"2560\" \/>\n\t<meta property=\"og:image:height\" content=\"1707\" \/>\n\t<meta property=\"og:image:type\" content=\"image\/jpeg\" \/>\n<meta name=\"author\" content=\"Marketing Monlau\" \/>\n<meta name=\"twitter:card\" content=\"summary_large_image\" \/>\n<meta name=\"twitter:creator\" content=\"@MonlauMotul\" \/>\n<meta name=\"twitter:site\" content=\"@MonlauMotul\" \/>\n<meta name=\"twitter:label1\" content=\"Written by\" \/>\n\t<meta name=\"twitter:data1\" content=\"Marketing Monlau\" \/>\n\t<meta name=\"twitter:label2\" content=\"Est. reading time\" \/>\n\t<meta name=\"twitter:data2\" content=\"5 minutes\" \/>\n<script type=\"application\/ld+json\" class=\"yoast-schema-graph\">{\"@context\":\"https:\/\/schema.org\",\"@graph\":[{\"@type\":\"Article\",\"@id\":\"https:\/\/monlau-motorsport.com\/en\/monlau-motul-starts-the-tcr-spain-season-with-two-podiums\/#article\",\"isPartOf\":{\"@id\":\"https:\/\/monlau-motorsport.com\/en\/monlau-motul-starts-the-tcr-spain-season-with-two-podiums\/\"},\"author\":{\"name\":\"Marketing Monlau\",\"@id\":\"https:\/\/monlau-motorsport.com\/en\/#\/schema\/person\/c539176cfe94b54e735a06e7733478f9\"},\"headline\":\"Monlau Motul starts the TCR Spain season with two podiums\",\"datePublished\":\"2024-05-13T11:50:05+00:00\",\"dateModified\":\"2024-05-13T11:50:07+00:00\",\"mainEntityOfPage\":{\"@id\":\"https:\/\/monlau-motorsport.com\/en\/monlau-motul-starts-the-tcr-spain-season-with-two-podiums\/\"},\"wordCount\":818,\"commentCount\":0,\"publisher\":{\"@id\":\"https:\/\/monlau-motorsport.com\/en\/#organization\"},\"image\":{\"@id\":\"https:\/\/monlau-motorsport.com\/en\/monlau-motul-starts-the-tcr-spain-season-with-two-podiums\/#primaryimage\"},\"thumbnailUrl\":\"https:\/\/monlau-motorsport.com\/wp-content\/uploads\/2024\/05\/Jarama-247-scaled.jpg\",\"inLanguage\":\"en-US\",\"potentialAction\":[{\"@type\":\"CommentAction\",\"name\":\"Comment\",\"target\":[\"https:\/\/monlau-motorsport.com\/en\/monlau-motul-starts-the-tcr-spain-season-with-two-podiums\/#respond\"]}]},{\"@type\":\"WebPage\",\"@id\":\"https:\/\/monlau-motorsport.com\/en\/monlau-motul-starts-the-tcr-spain-season-with-two-podiums\/\",\"url\":\"https:\/\/monlau-motorsport.com\/en\/monlau-motul-starts-the-tcr-spain-season-with-two-podiums\/\",\"name\":\"Monlau Motul starts the TCR Spain season with two podiums - Monlau Motorsport\",\"isPartOf\":{\"@id\":\"https:\/\/monlau-motorsport.com\/en\/#website\"},\"primaryImageOfPage\":{\"@id\":\"https:\/\/monlau-motorsport.com\/en\/monlau-motul-starts-the-tcr-spain-season-with-two-podiums\/#primaryimage\"},\"image\":{\"@id\":\"https:\/\/monlau-motorsport.com\/en\/monlau-motul-starts-the-tcr-spain-season-with-two-podiums\/#primaryimage\"},\"thumbnailUrl\":\"https:\/\/monlau-motorsport.com\/wp-content\/uploads\/2024\/05\/Jarama-247-scaled.jpg\",\"datePublished\":\"2024-05-13T11:50:05+00:00\",\"dateModified\":\"2024-05-13T11:50:07+00:00\",\"description\":\"The Jarama shows the extreme equality of the category this year, with up to 35 drivers in less than 1.5 seconds in the classification.\",\"breadcrumb\":{\"@id\":\"https:\/\/monlau-motorsport.com\/en\/monlau-motul-starts-the-tcr-spain-season-with-two-podiums\/#breadcrumb\"},\"inLanguage\":\"en-US\",\"potentialAction\":[{\"@type\":\"ReadAction\",\"target\":[\"https:\/\/monlau-motorsport.com\/en\/monlau-motul-starts-the-tcr-spain-season-with-two-podiums\/\"]}]},{\"@type\":\"ImageObject\",\"inLanguage\":\"en-US\",\"@id\":\"https:\/\/monlau-motorsport.com\/en\/monlau-motul-starts-the-tcr-spain-season-with-two-podiums\/#primaryimage\",\"url\":\"https:\/\/monlau-motorsport.com\/wp-content\/uploads\/2024\/05\/Jarama-247-scaled.jpg\",\"contentUrl\":\"https:\/\/monlau-motorsport.com\/wp-content\/uploads\/2024\/05\/Jarama-247-scaled.jpg\",\"width\":2560,\"height\":1707},{\"@type\":\"BreadcrumbList\",\"@id\":\"https:\/\/monlau-motorsport.com\/en\/monlau-motul-starts-the-tcr-spain-season-with-two-podiums\/#breadcrumb\",\"itemListElement\":[{\"@type\":\"ListItem\",\"position\":1,\"name\":\"Portada\",\"item\":\"https:\/\/monlau-motorsport.com\/en\/\"},{\"@type\":\"ListItem\",\"position\":2,\"name\":\"Monlau Motul starts the TCR Spain season with two podiums\"}]},{\"@type\":\"WebSite\",\"@id\":\"https:\/\/monlau-motorsport.com\/en\/#website\",\"url\":\"https:\/\/monlau-motorsport.com\/en\/\",\"name\":\"Monlau Motorsport\",\"description\":\"\",\"publisher\":{\"@id\":\"https:\/\/monlau-motorsport.com\/en\/#organization\"},\"potentialAction\":[{\"@type\":\"SearchAction\",\"target\":{\"@type\":\"EntryPoint\",\"urlTemplate\":\"https:\/\/monlau-motorsport.com\/en\/?s={search_term_string}\"},\"query-input\":{\"@type\":\"PropertyValueSpecification\",\"valueRequired\":true,\"valueName\":\"search_term_string\"}}],\"inLanguage\":\"en-US\"},{\"@type\":\"Organization\",\"@id\":\"https:\/\/monlau-motorsport.com\/en\/#organization\",\"name\":\"Monlau Motul Technical School\",\"url\":\"https:\/\/monlau-motorsport.com\/en\/\",\"logo\":{\"@type\":\"ImageObject\",\"inLanguage\":\"en-US\",\"@id\":\"https:\/\/monlau-motorsport.com\/en\/#\/schema\/logo\/image\/\",\"url\":\"https:\/\/monlau-motorsport.com\/wp-content\/uploads\/2022\/03\/MonlauMotul_logo.png\",\"contentUrl\":\"https:\/\/monlau-motorsport.com\/wp-content\/uploads\/2022\/03\/MonlauMotul_logo.png\",\"width\":2000,\"height\":2000,\"caption\":\"Monlau Motul Technical School\"},\"image\":{\"@id\":\"https:\/\/monlau-motorsport.com\/en\/#\/schema\/logo\/image\/\"},\"sameAs\":[\"https:\/\/www.facebook.com\/MonlauMotulTechnicalSchool\",\"https:\/\/x.com\/MonlauMotul\",\"https:\/\/www.instagram.com\/monlau_motul\/\"]},{\"@type\":\"Person\",\"@id\":\"https:\/\/monlau-motorsport.com\/en\/#\/schema\/person\/c539176cfe94b54e735a06e7733478f9\",\"name\":\"Marketing Monlau\",\"image\":{\"@type\":\"ImageObject\",\"inLanguage\":\"en-US\",\"@id\":\"https:\/\/monlau-motorsport.com\/en\/#\/schema\/person\/image\/\",\"url\":\"https:\/\/secure.gravatar.com\/avatar\/a9a12262e08a0c2dc2924819dd63c9cc3be83371f412b31947936662c920a283?s=96&d=mm&r=g\",\"contentUrl\":\"https:\/\/secure.gravatar.com\/avatar\/a9a12262e08a0c2dc2924819dd63c9cc3be83371f412b31947936662c920a283?s=96&d=mm&r=g\",\"caption\":\"Marketing Monlau\"},\"url\":\"https:\/\/monlau-motorsport.com\/en\/author\/marketing\/\"}]}<\/script>\n<!-- \/ Yoast SEO plugin. -->","yoast_head_json":{"title":"Monlau Motul starts the TCR Spain season with two podiums - Monlau Motorsport","description":"The Jarama shows the extreme equality of the category this year, with up to 35 drivers in less than 1.5 seconds in the classification.","robots":{"index":"index","follow":"follow","max-snippet":"max-snippet:-1","max-image-preview":"max-image-preview:large","max-video-preview":"max-video-preview:-1"},"canonical":"https:\/\/monlau-motorsport.com\/en\/monlau-motul-starts-the-tcr-spain-season-with-two-podiums\/","og_locale":"en_US","og_type":"article","og_title":"Monlau Motul starts the TCR Spain season with two podiums - Monlau Motorsport","og_description":"The Jarama shows the extreme equality of the category this year, with up to 35 drivers in less than 1.5 seconds in the classification.","og_url":"https:\/\/monlau-motorsport.com\/en\/monlau-motul-starts-the-tcr-spain-season-with-two-podiums\/","og_site_name":"Monlau Motorsport","article_publisher":"https:\/\/www.facebook.com\/MonlauMotulTechnicalSchool","article_published_time":"2024-05-13T11:50:05+00:00","article_modified_time":"2024-05-13T11:50:07+00:00","og_image":[{"width":2560,"height":1707,"url":"https:\/\/monlau-motorsport.com\/wp-content\/uploads\/2024\/05\/Jarama-247-scaled.jpg","type":"image\/jpeg"}],"author":"Marketing Monlau","twitter_card":"summary_large_image","twitter_creator":"@MonlauMotul","twitter_site":"@MonlauMotul","twitter_misc":{"Written by":"Marketing Monlau","Est. reading time":"5 minutes"},"schema":{"@context":"https:\/\/schema.org","@graph":[{"@type":"Article","@id":"https:\/\/monlau-motorsport.com\/en\/monlau-motul-starts-the-tcr-spain-season-with-two-podiums\/#article","isPartOf":{"@id":"https:\/\/monlau-motorsport.com\/en\/monlau-motul-starts-the-tcr-spain-season-with-two-podiums\/"},"author":{"name":"Marketing Monlau","@id":"https:\/\/monlau-motorsport.com\/en\/#\/schema\/person\/c539176cfe94b54e735a06e7733478f9"},"headline":"Monlau Motul starts the TCR Spain season with two podiums","datePublished":"2024-05-13T11:50:05+00:00","dateModified":"2024-05-13T11:50:07+00:00","mainEntityOfPage":{"@id":"https:\/\/monlau-motorsport.com\/en\/monlau-motul-starts-the-tcr-spain-season-with-two-podiums\/"},"wordCount":818,"commentCount":0,"publisher":{"@id":"https:\/\/monlau-motorsport.com\/en\/#organization"},"image":{"@id":"https:\/\/monlau-motorsport.com\/en\/monlau-motul-starts-the-tcr-spain-season-with-two-podiums\/#primaryimage"},"thumbnailUrl":"https:\/\/monlau-motorsport.com\/wp-content\/uploads\/2024\/05\/Jarama-247-scaled.jpg","inLanguage":"en-US","potentialAction":[{"@type":"CommentAction","name":"Comment","target":["https:\/\/monlau-motorsport.com\/en\/monlau-motul-starts-the-tcr-spain-season-with-two-podiums\/#respond"]}]},{"@type":"WebPage","@id":"https:\/\/monlau-motorsport.com\/en\/monlau-motul-starts-the-tcr-spain-season-with-two-podiums\/","url":"https:\/\/monlau-motorsport.com\/en\/monlau-motul-starts-the-tcr-spain-season-with-two-podiums\/","name":"Monlau Motul starts the TCR Spain season with two podiums - Monlau Motorsport","isPartOf":{"@id":"https:\/\/monlau-motorsport.com\/en\/#website"},"primaryImageOfPage":{"@id":"https:\/\/monlau-motorsport.com\/en\/monlau-motul-starts-the-tcr-spain-season-with-two-podiums\/#primaryimage"},"image":{"@id":"https:\/\/monlau-motorsport.com\/en\/monlau-motul-starts-the-tcr-spain-season-with-two-podiums\/#primaryimage"},"thumbnailUrl":"https:\/\/monlau-motorsport.com\/wp-content\/uploads\/2024\/05\/Jarama-247-scaled.jpg","datePublished":"2024-05-13T11:50:05+00:00","dateModified":"2024-05-13T11:50:07+00:00","description":"The Jarama shows the extreme equality of the category this year, with up to 35 drivers in less than 1.5 seconds in the classification.","breadcrumb":{"@id":"https:\/\/monlau-motorsport.com\/en\/monlau-motul-starts-the-tcr-spain-season-with-two-podiums\/#breadcrumb"},"inLanguage":"en-US","potentialAction":[{"@type":"ReadAction","target":["https:\/\/monlau-motorsport.com\/en\/monlau-motul-starts-the-tcr-spain-season-with-two-podiums\/"]}]},{"@type":"ImageObject","inLanguage":"en-US","@id":"https:\/\/monlau-motorsport.com\/en\/monlau-motul-starts-the-tcr-spain-season-with-two-podiums\/#primaryimage","url":"https:\/\/monlau-motorsport.com\/wp-content\/uploads\/2024\/05\/Jarama-247-scaled.jpg","contentUrl":"https:\/\/monlau-motorsport.com\/wp-content\/uploads\/2024\/05\/Jarama-247-scaled.jpg","width":2560,"height":1707},{"@type":"BreadcrumbList","@id":"https:\/\/monlau-motorsport.com\/en\/monlau-motul-starts-the-tcr-spain-season-with-two-podiums\/#breadcrumb","itemListElement":[{"@type":"ListItem","position":1,"name":"Portada","item":"https:\/\/monlau-motorsport.com\/en\/"},{"@type":"ListItem","position":2,"name":"Monlau Motul starts the TCR Spain season with two podiums"}]},{"@type":"WebSite","@id":"https:\/\/monlau-motorsport.com\/en\/#website","url":"https:\/\/monlau-motorsport.com\/en\/","name":"Monlau Motorsport","description":"","publisher":{"@id":"https:\/\/monlau-motorsport.com\/en\/#organization"},"potentialAction":[{"@type":"SearchAction","target":{"@type":"EntryPoint","urlTemplate":"https:\/\/monlau-motorsport.com\/en\/?s={search_term_string}"},"query-input":{"@type":"PropertyValueSpecification","valueRequired":true,"valueName":"search_term_string"}}],"inLanguage":"en-US"},{"@type":"Organization","@id":"https:\/\/monlau-motorsport.com\/en\/#organization","name":"Monlau Motul Technical School","url":"https:\/\/monlau-motorsport.com\/en\/","logo":{"@type":"ImageObject","inLanguage":"en-US","@id":"https:\/\/monlau-motorsport.com\/en\/#\/schema\/logo\/image\/","url":"https:\/\/monlau-motorsport.com\/wp-content\/uploads\/2022\/03\/MonlauMotul_logo.png","contentUrl":"https:\/\/monlau-motorsport.com\/wp-content\/uploads\/2022\/03\/MonlauMotul_logo.png","width":2000,"height":2000,"caption":"Monlau Motul Technical School"},"image":{"@id":"https:\/\/monlau-motorsport.com\/en\/#\/schema\/logo\/image\/"},"sameAs":["https:\/\/www.facebook.com\/MonlauMotulTechnicalSchool","https:\/\/x.com\/MonlauMotul","https:\/\/www.instagram.com\/monlau_motul\/"]},{"@type":"Person","@id":"https:\/\/monlau-motorsport.com\/en\/#\/schema\/person\/c539176cfe94b54e735a06e7733478f9","name":"Marketing Monlau","image":{"@type":"ImageObject","inLanguage":"en-US","@id":"https:\/\/monlau-motorsport.com\/en\/#\/schema\/person\/image\/","url":"https:\/\/secure.gravatar.com\/avatar\/a9a12262e08a0c2dc2924819dd63c9cc3be83371f412b31947936662c920a283?s=96&d=mm&r=g","contentUrl":"https:\/\/secure.gravatar.com\/avatar\/a9a12262e08a0c2dc2924819dd63c9cc3be83371f412b31947936662c920a283?s=96&d=mm&r=g","caption":"Marketing Monlau"},"url":"https:\/\/monlau-motorsport.com\/en\/author\/marketing\/"}]}},"_links":{"self":[{"href":"https:\/\/monlau-motorsport.com\/en\/wp-json\/wp\/v2\/posts\/24048","targetHints":{"allow":["GET"]}}],"collection":[{"href":"https:\/\/monlau-motorsport.com\/en\/wp-json\/wp\/v2\/posts"}],"about":[{"href":"https:\/\/monlau-motorsport.com\/en\/wp-json\/wp\/v2\/types\/post"}],"author":[{"embeddable":true,"href":"https:\/\/monlau-motorsport.com\/en\/wp-json\/wp\/v2\/users\/6"}],"replies":[{"embeddable":true,"href":"https:\/\/monlau-motorsport.com\/en\/wp-json\/wp\/v2\/comments?post=24048"}],"version-history":[{"count":1,"href":"https:\/\/monlau-motorsport.com\/en\/wp-json\/wp\/v2\/posts\/24048\/revisions"}],"predecessor-version":[{"id":24049,"href":"https:\/\/monlau-motorsport.com\/en\/wp-json\/wp\/v2\/posts\/24048\/revisions\/24049"}],"wp:featuredmedia":[{"embeddable":true,"href":"https:\/\/monlau-motorsport.com\/en\/wp-json\/wp\/v2\/media\/24046"}],"wp:attachment":[{"href":"https:\/\/monlau-motorsport.com\/en\/wp-json\/wp\/v2\/media?parent=24048"}],"wp:term":[{"taxonomy":"category","embeddable":true,"href":"https:\/\/monlau-motorsport.com\/en\/wp-json\/wp\/v2\/categories?post=24048"},{"taxonomy":"post_tag","embeddable":true,"href":"https:\/\/monlau-motorsport.com\/en\/wp-json\/wp\/v2\/tags?post=24048"}],"curies":[{"name":"wp","href":"https:\/\/api.w.org\/{rel}","templated":true}]}}