{"id":27151,"date":"2026-08-31T12:46:31","date_gmt":"2026-08-31T12:46:31","guid":{"rendered":"https:\/\/monlau-motorsport.com\/?p=27151"},"modified":"2026-08-31T12:46:34","modified_gmt":"2026-08-31T12:46:34","slug":"monlau-motul-karting-team-european-junior-champion-with-ivan-gonzalez","status":"publish","type":"post","link":"https:\/\/monlau-motorsport.com\/en\/monlau-motul-karting-team-european-junior-champion-with-ivan-gonzalez\/","title":{"rendered":"Monlau Motul Karting Team, European Junior Champion with Iv\u00e1n Gonz\u00e1lez"},"content":{"rendered":"\n<ul class=\"wp-block-list\">\n<li><strong><strong><strong>The Malaga-born driver secured the IAME Euro Series title after finishing third in the Genk final, closing a season marked by consistency.<\/strong><\/strong><\/strong><\/li>\n\n\n\n<li><strong><strong><strong>Mico Lion Shweers makes his debut with the team in Junior with an outstanding performance, while Alex Martinez shows great evolution in Senior.<\/strong><\/strong><\/strong><\/li>\n\n\n\n<li><strong><strong><strong><em>\u201cIv\u00e1n stayed ahead of his rival throughout the weekend, and third place in the final secured the championship for us. Both drivers, mechanics, and engineers demonstrated a high level of skill,\u201d<\/em>\u00a0highlights Rub\u00e9n Sim\u00f3n, team manager of the Monlau Motul Karting Team.<\/strong><\/strong><\/strong><\/li>\n\n\n\n<li><strong><strong><strong><em>\u201cThe title is a magnificent reward for a very solid season. The IAME Euro Series demands maintaining competitiveness in very different scenarios and conditions,\u201d<\/em>\u00a0says Jaime Serrano, CEO of Monlau Motul Technical School.<\/strong><\/strong><\/strong><\/li>\n<\/ul>\n\n\n\n<p>The Monlau Motul Karting Team concluded its participation in the 2026 IAME Euro Series with an outstanding result, securing the European title for&nbsp;<strong>Iv\u00e1n Gonz\u00e1lez<\/strong>&nbsp;in the Junior category. The driver from M\u00e1laga finished third in the final of the fourth and final round, held at Karting Genk in Belgium, a result that allowed him to clinch the championship after a race in which he once again placed himself among the top drivers.&nbsp;<strong>Mico Lion Shweers<\/strong>&nbsp;, in Junior, and&nbsp;<strong>Alex Mart\u00ednez<\/strong>&nbsp;and&nbsp;<strong>Egor Ivanchenko<\/strong>&nbsp;, in Senior, completed the team&#8217;s representation at the Belgian event.<br><br>Iv\u00e1n Gonz\u00e1lez arrived in Genk just four points behind the leader and faced the final round with the championship wide open. From the Qualifying Practice, the Monlau Motul Karting Team driver made his intentions clear by placing third, just 33 thousandths of a second off the fastest time. He subsequently finished fourth in the Qualifying Heats and fifth in the Super Heats, results that allowed him to reach the final with all his chances of winning still alive.<br><br>In the decisive race, Gonz\u00e1lez once again delivered a solid performance, crossing the finish line in third place. This result was enough to overtake his nearest rival in the standings and secure the IAME Euro Series Junior Championship. The title caps off a particularly outstanding season for the driver from M\u00e1laga, which began with a victory in the IAME Winter Cup in Chiva and continued with another win in the first round of the Euro Series, held in Zuera. He then kept his championship hopes alive in Franciacorta and Wackersdorf before culminating the season with the European title in Genk. Furthermore, in the Spanish Karting Championship (CEK), the Marbella driver leads his category with one meeting remaining.<br><br>Mico Lion Shweers, a new addition to the Monlau Motul Karting Team for this event, also had a noteworthy performance. The German driver demonstrated impressive speed in qualifying, finishing fifth, just 81 thousandths of a second off the fastest time. He was sixth in the Qualifying Heats and 14th in the Super Heats. In the final, after a weekend of consistent improvement, he finished in 23rd position.<br><br>In the Senior category, Alex Mart\u00ednez completed a remarkable comeback in his first race with the team. After qualifying 51st, the driver steadily climbed the ranks throughout the event, finishing 31st in both the Qualifying Heats and the Super Heats, and capping off his performance with an excellent seventh place in the final.<br><br>Egor Ivanchenko, meanwhile, started the weekend with a strong 11th place in Qualifying Practice, but was unable to maintain that position in the subsequent rounds and ultimately failed to qualify for the final.<br><br><strong>Rub\u00e9n Sim\u00f3n<\/strong>The team manager of the Monlau Motul Karting Team assessed the Euro Series&#8217; conclusion as follows:&nbsp;<em>\u201cIv\u00e1n was ahead of his rival throughout the weekend, and his third-place finish in the final secured the championship for us. Furthermore, Mico and Alex had a very positive debut, especially Alex with his improvement during the competition. Drivers, mechanics, and engineers alike demonstrated a high level of skill.\u201d&nbsp;<\/em><strong>Jaime Serrano<\/strong><br><br>, CEO of the Monlau Motul Technical School,&nbsp;added:&nbsp;<em>\u201cIv\u00e1n&#8217;s title is a magnificent reward for a very solid season. The IAME Euro Series demands maintaining competitiveness across four races in different countries and under highly variable track conditions, so consistency ultimately proves decisive.\u201d<\/em><strong><\/strong><em><\/em><br><br>The 2026 IAME Euro Series provided the Monlau Motul Karting Team with another opportunity to test its performance against an international grid and at some of the benchmark venues in European karting. The four rounds, held in Spain, Italy, Germany, and Belgium, presented very different characteristics, and the team managed to remain competitive in all of them. Iv\u00e1n Gonz\u00e1lez&#8217;s title confirms the solidity of the work carried out by the Monlau Motul Karting Team throughout a highly demanding championship and consolidates its presence among the leading teams in European karting.<\/p>\n\n\n\n<p><strong>IAME Euro Series 2026 Junior Category Standings:<\/strong><br><a href=\"https:\/\/mediage.musvc6.net\/e\/tr?q=4%3dMT9XF%26B%3d7%26E%3dGY7a%263%3dS4RFT%26v%3d98JqJ_6qTq_Ga_srgp_3g_6qTq_FfxNA.9bDs5vI3IfIw5t.43C_srgp_3g65tLzJbK7_HRtd_RGSNR7_IesQ_ST9bDs_H5_8sDl_IesQ_ST3i21FjF2Ii04_0vEwEs.Gr6_srgp_4g9Fe285_srgp_4eE%264%3dnL7LdW.25u%2607%3dQ2RNW%26uJ%3dFZ3WNX4RER2o1b3SGZ%26i%3dXIY77N57apVc6KUfaEW73NW9TI322KU82GVcTKY6Xq533tX8VM5AXGY2VsQ6XNU5\" target=\"_blank\" rel=\"noreferrer noopener\">https:\/\/www.iameeuroseries.com\/resultats\/2026\/iame_r4_genk\/championship_junior.pdf?update=1<\/a><br><br><strong>IAME Euro Series 2026 Senior Category Standings:<\/strong><br><a href=\"https:\/\/mediage.musvc6.net\/e\/tr?q=5%3dATOY4%26B%3dM%26F%3d5YMb%26q%3dSJS4T%26B%3d0vJ7K_tqjr_5a_9sUp_Ih_tqjr_4fDOy.9rEg5BJqIvJk50.5qC_9sUp_Iht50MnJrLu_HhuR_RWTBRM_JSsg_TH9rEg_HK_9gD2_JSsg_TH3y3oFzGpIyAr_IvFkE9.Hf6_9sUp_JhwFu3v5_9sUp_Jf3%264%3d4MuLtX.p5A%26Au%3dQHSBW%26AK%3d4ZIXBXJS3R3c1rIT5Z%26y%3d6h2J7BZP463sYeTQX0Qv73Wt6dSr5AUu574QY4QN4hVMUeTwS56tX95PW0Rv3e6v\" target=\"_blank\" rel=\"noreferrer noopener\">https:\/\/www.iameeuroseries.com\/resultats\/2026\/iame_r4_genk\/championship_senior.pdf?update=1<\/a><\/p>\n\n\n\n<figure class=\"wp-block-gallery has-nested-images columns-default is-cropped wp-block-gallery-1 is-layout-flex wp-block-gallery-is-layout-flex\">\n<figure class=\"wp-block-image size-large\"><img fetchpriority=\"high\" decoding=\"async\" width=\"1024\" height=\"664\" data-id=\"27139\" src=\"https:\/\/monlau-motorsport.com\/wp-content\/uploads\/2026\/08\/Monlau_IAME_-Genk_2026_2-1024x664.jpg\" alt=\"\" class=\"wp-image-27139\" srcset=\"https:\/\/monlau-motorsport.com\/wp-content\/uploads\/2026\/08\/Monlau_IAME_-Genk_2026_2-1024x664.jpg 1024w, https:\/\/monlau-motorsport.com\/wp-content\/uploads\/2026\/08\/Monlau_IAME_-Genk_2026_2-300x195.jpg 300w, https:\/\/monlau-motorsport.com\/wp-content\/uploads\/2026\/08\/Monlau_IAME_-Genk_2026_2-768x498.jpg 768w, https:\/\/monlau-motorsport.com\/wp-content\/uploads\/2026\/08\/Monlau_IAME_-Genk_2026_2-1536x996.jpg 1536w, https:\/\/monlau-motorsport.com\/wp-content\/uploads\/2026\/08\/Monlau_IAME_-Genk_2026_2-2048x1328.jpg 2048w\" sizes=\"(max-width: 1024px) 100vw, 1024px\" \/><\/figure>\n\n\n\n<figure class=\"wp-block-image size-large\"><img decoding=\"async\" width=\"1024\" height=\"683\" data-id=\"27141\" src=\"https:\/\/monlau-motorsport.com\/wp-content\/uploads\/2026\/08\/Monlau_IAME_-Genk_2026_3-1-1024x683.jpg\" alt=\"\" class=\"wp-image-27141\" srcset=\"https:\/\/monlau-motorsport.com\/wp-content\/uploads\/2026\/08\/Monlau_IAME_-Genk_2026_3-1-1024x683.jpg 1024w, https:\/\/monlau-motorsport.com\/wp-content\/uploads\/2026\/08\/Monlau_IAME_-Genk_2026_3-1-300x200.jpg 300w, https:\/\/monlau-motorsport.com\/wp-content\/uploads\/2026\/08\/Monlau_IAME_-Genk_2026_3-1-768x512.jpg 768w, https:\/\/monlau-motorsport.com\/wp-content\/uploads\/2026\/08\/Monlau_IAME_-Genk_2026_3-1-1536x1024.jpg 1536w, https:\/\/monlau-motorsport.com\/wp-content\/uploads\/2026\/08\/Monlau_IAME_-Genk_2026_3-1-2048x1365.jpg 2048w\" sizes=\"(max-width: 1024px) 100vw, 1024px\" \/><\/figure>\n\n\n\n<figure class=\"wp-block-image size-large\"><img decoding=\"async\" width=\"1024\" height=\"706\" data-id=\"27145\" src=\"https:\/\/monlau-motorsport.com\/wp-content\/uploads\/2026\/08\/Monlau_IAME_-Genk_2026_5-1024x706.jpg\" alt=\"\" class=\"wp-image-27145\" srcset=\"https:\/\/monlau-motorsport.com\/wp-content\/uploads\/2026\/08\/Monlau_IAME_-Genk_2026_5-1024x706.jpg 1024w, https:\/\/monlau-motorsport.com\/wp-content\/uploads\/2026\/08\/Monlau_IAME_-Genk_2026_5-300x207.jpg 300w, https:\/\/monlau-motorsport.com\/wp-content\/uploads\/2026\/08\/Monlau_IAME_-Genk_2026_5-768x529.jpg 768w, https:\/\/monlau-motorsport.com\/wp-content\/uploads\/2026\/08\/Monlau_IAME_-Genk_2026_5-1536x1058.jpg 1536w, https:\/\/monlau-motorsport.com\/wp-content\/uploads\/2026\/08\/Monlau_IAME_-Genk_2026_5-2048x1411.jpg 2048w\" sizes=\"(max-width: 1024px) 100vw, 1024px\" \/><\/figure>\n\n\n\n<figure class=\"wp-block-image size-large\"><img loading=\"lazy\" decoding=\"async\" width=\"1024\" height=\"696\" data-id=\"27143\" src=\"https:\/\/monlau-motorsport.com\/wp-content\/uploads\/2026\/08\/Monlau_IAME_-Genk_2026_4-1024x696.jpg\" alt=\"\" class=\"wp-image-27143\" srcset=\"https:\/\/monlau-motorsport.com\/wp-content\/uploads\/2026\/08\/Monlau_IAME_-Genk_2026_4-1024x696.jpg 1024w, https:\/\/monlau-motorsport.com\/wp-content\/uploads\/2026\/08\/Monlau_IAME_-Genk_2026_4-300x204.jpg 300w, https:\/\/monlau-motorsport.com\/wp-content\/uploads\/2026\/08\/Monlau_IAME_-Genk_2026_4-768x522.jpg 768w, https:\/\/monlau-motorsport.com\/wp-content\/uploads\/2026\/08\/Monlau_IAME_-Genk_2026_4-1536x1044.jpg 1536w, https:\/\/monlau-motorsport.com\/wp-content\/uploads\/2026\/08\/Monlau_IAME_-Genk_2026_4-2048x1392.jpg 2048w\" sizes=\"(max-width: 1024px) 100vw, 1024px\" \/><\/figure>\n<\/figure>\n\n\n\n<p><\/p>\n","protected":false},"excerpt":{"rendered":"<p>The Monlau Motul Karting Team concluded its participation in the 2026 IAME Euro Series with an outstanding result, securing the European title for&nbsp;Iv\u00e1n Gonz\u00e1lez&nbsp;in the Junior category. The driver from M\u00e1laga finished third in the final of the fourth and final round, held at Karting Genk in Belgium, a result that allowed him to clinch [&hellip;]<\/p>\n","protected":false},"author":6,"featured_media":27147,"comment_status":"closed","ping_status":"closed","sticky":false,"template":"","format":"standard","meta":{"newsup_original_id":"","newsup_last_updated":"","site-sidebar-layout":"default","site-content-layout":"default","ast-site-content-layout":"default","site-content-style":"default","site-sidebar-style":"default","ast-global-header-display":"","ast-banner-title-visibility":"","ast-main-header-display":"","ast-hfb-above-header-display":"","ast-hfb-below-header-display":"","ast-hfb-mobile-header-display":"","site-post-title":"","ast-breadcrumbs-content":"","ast-featured-img":"","footer-sml-layout":"","ast-disable-related-posts":"","theme-transparent-header-meta":"default","adv-header-id-meta":"","stick-header-meta":"","header-above-stick-meta":"","header-main-stick-meta":"","header-below-stick-meta":"","astra-migrate-meta-layouts":"set","ast-page-background-enabled":"default","ast-page-background-meta":{"desktop":{"background-color":"","background-image":"","background-repeat":"repeat","background-position":"center center","background-size":"auto","background-attachment":"scroll","background-type":"","background-media":"","overlay-type":"","overlay-color":"","overlay-opacity":"","overlay-gradient":""},"tablet":{"background-color":"","background-image":"","background-repeat":"repeat","background-position":"center center","background-size":"auto","background-attachment":"scroll","background-type":"","background-media":"","overlay-type":"","overlay-color":"","overlay-opacity":"","overlay-gradient":""},"mobile":{"background-color":"","background-image":"","background-repeat":"repeat","background-position":"center center","background-size":"auto","background-attachment":"scroll","background-type":"","background-media":"","overlay-type":"","overlay-color":"","overlay-opacity":"","overlay-gradient":""}},"ast-content-background-meta":{"desktop":{"background-color":"var(--ast-global-color-5)","background-image":"","background-repeat":"repeat","background-position":"center center","background-size":"auto","background-attachment":"scroll","background-type":"","background-media":"","overlay-type":"","overlay-color":"","overlay-opacity":"","overlay-gradient":""},"tablet":{"background-color":"var(--ast-global-color-5)","background-image":"","background-repeat":"repeat","background-position":"center center","background-size":"auto","background-attachment":"scroll","background-type":"","background-media":"","overlay-type":"","overlay-color":"","overlay-opacity":"","overlay-gradient":""},"mobile":{"background-color":"var(--ast-global-color-5)","background-image":"","background-repeat":"repeat","background-position":"center center","background-size":"auto","background-attachment":"scroll","background-type":"","background-media":"","overlay-type":"","overlay-color":"","overlay-opacity":"","overlay-gradient":""}},"footnotes":"[]"},"categories":[1],"tags":[],"class_list":["post-27151","post","type-post","status-publish","format-standard","has-post-thumbnail","hentry","category-sin-categorizar"],"yoast_head":"<!-- This site is optimized with the Yoast SEO plugin v23.4 - https:\/\/yoast.com\/wordpress\/plugins\/seo\/ -->\n<title>Monlau Motul Karting Team, European Junior Champion with Iv\u00e1n Gonz\u00e1lez<\/title>\n<meta name=\"description\" content=\"The Malaga-born driver secured the IAME Euro Series title after finishing third in the Genk final, closing a season marked by consistency.\" \/>\n<meta name=\"robots\" content=\"index, follow, max-snippet:-1, max-image-preview:large, max-video-preview:-1\" \/>\n<link rel=\"canonical\" href=\"https:\/\/monlau-motorsport.com\/en\/monlau-motul-karting-team-european-junior-champion-with-ivan-gonzalez\/\" \/>\n<meta property=\"og:locale\" content=\"en_US\" \/>\n<meta property=\"og:type\" content=\"article\" \/>\n<meta property=\"og:title\" content=\"Monlau Motul Karting Team, European Junior Champion with Iv\u00e1n Gonz\u00e1lez\" \/>\n<meta property=\"og:description\" content=\"The Malaga-born driver secured the IAME Euro Series title after finishing third in the Genk final, closing a season marked by consistency.\" \/>\n<meta property=\"og:url\" content=\"https:\/\/monlau-motorsport.com\/en\/monlau-motul-karting-team-european-junior-champion-with-ivan-gonzalez\/\" \/>\n<meta property=\"og:site_name\" content=\"Monlau Motorsport\" \/>\n<meta property=\"article:publisher\" content=\"https:\/\/www.facebook.com\/MonlauMotulTechnicalSchool\" \/>\n<meta property=\"article:published_time\" content=\"2026-08-31T12:46:31+00:00\" \/>\n<meta property=\"article:modified_time\" content=\"2026-08-31T12:46:34+00:00\" \/>\n<meta property=\"og:image\" content=\"https:\/\/monlau-motorsport.com\/wp-content\/uploads\/2026\/08\/Monlau_IAME_-Genk_2026_1-scaled.jpg\" \/>\n\t<meta property=\"og:image:width\" content=\"2560\" \/>\n\t<meta property=\"og:image:height\" content=\"1725\" \/>\n\t<meta property=\"og:image:type\" content=\"image\/jpeg\" \/>\n<meta name=\"author\" content=\"Marketing Monlau\" \/>\n<meta name=\"twitter:card\" content=\"summary_large_image\" \/>\n<meta name=\"twitter:creator\" content=\"@MonlauMotul\" \/>\n<meta name=\"twitter:site\" content=\"@MonlauMotul\" \/>\n<meta name=\"twitter:label1\" content=\"Written by\" \/>\n\t<meta name=\"twitter:data1\" content=\"Marketing Monlau\" \/>\n\t<meta name=\"twitter:label2\" content=\"Est. reading time\" \/>\n\t<meta name=\"twitter:data2\" content=\"5 minutes\" \/>\n<script type=\"application\/ld+json\" class=\"yoast-schema-graph\">{\"@context\":\"https:\/\/schema.org\",\"@graph\":[{\"@type\":\"Article\",\"@id\":\"https:\/\/monlau-motorsport.com\/en\/monlau-motul-karting-team-european-junior-champion-with-ivan-gonzalez\/#article\",\"isPartOf\":{\"@id\":\"https:\/\/monlau-motorsport.com\/en\/monlau-motul-karting-team-european-junior-champion-with-ivan-gonzalez\/\"},\"author\":{\"name\":\"Marketing Monlau\",\"@id\":\"https:\/\/monlau-motorsport.com\/en\/#\/schema\/person\/c539176cfe94b54e735a06e7733478f9\"},\"headline\":\"Monlau Motul Karting Team, European Junior Champion with Iv\u00e1n Gonz\u00e1lez\",\"datePublished\":\"2026-08-31T12:46:31+00:00\",\"dateModified\":\"2026-08-31T12:46:34+00:00\",\"mainEntityOfPage\":{\"@id\":\"https:\/\/monlau-motorsport.com\/en\/monlau-motul-karting-team-european-junior-champion-with-ivan-gonzalez\/\"},\"wordCount\":840,\"publisher\":{\"@id\":\"https:\/\/monlau-motorsport.com\/en\/#organization\"},\"image\":{\"@id\":\"https:\/\/monlau-motorsport.com\/en\/monlau-motul-karting-team-european-junior-champion-with-ivan-gonzalez\/#primaryimage\"},\"thumbnailUrl\":\"https:\/\/monlau-motorsport.com\/wp-content\/uploads\/2026\/08\/Monlau_IAME_-Genk_2026_1-scaled.jpg\",\"articleSection\":[\"Sin categorizar\"],\"inLanguage\":\"en-US\"},{\"@type\":\"WebPage\",\"@id\":\"https:\/\/monlau-motorsport.com\/en\/monlau-motul-karting-team-european-junior-champion-with-ivan-gonzalez\/\",\"url\":\"https:\/\/monlau-motorsport.com\/en\/monlau-motul-karting-team-european-junior-champion-with-ivan-gonzalez\/\",\"name\":\"Monlau Motul Karting Team, European Junior Champion with Iv\u00e1n Gonz\u00e1lez\",\"isPartOf\":{\"@id\":\"https:\/\/monlau-motorsport.com\/en\/#website\"},\"primaryImageOfPage\":{\"@id\":\"https:\/\/monlau-motorsport.com\/en\/monlau-motul-karting-team-european-junior-champion-with-ivan-gonzalez\/#primaryimage\"},\"image\":{\"@id\":\"https:\/\/monlau-motorsport.com\/en\/monlau-motul-karting-team-european-junior-champion-with-ivan-gonzalez\/#primaryimage\"},\"thumbnailUrl\":\"https:\/\/monlau-motorsport.com\/wp-content\/uploads\/2026\/08\/Monlau_IAME_-Genk_2026_1-scaled.jpg\",\"datePublished\":\"2026-08-31T12:46:31+00:00\",\"dateModified\":\"2026-08-31T12:46:34+00:00\",\"description\":\"The Malaga-born driver secured the IAME Euro Series title after finishing third in the Genk final, closing a season marked by consistency.\",\"breadcrumb\":{\"@id\":\"https:\/\/monlau-motorsport.com\/en\/monlau-motul-karting-team-european-junior-champion-with-ivan-gonzalez\/#breadcrumb\"},\"inLanguage\":\"en-US\",\"potentialAction\":[{\"@type\":\"ReadAction\",\"target\":[\"https:\/\/monlau-motorsport.com\/en\/monlau-motul-karting-team-european-junior-champion-with-ivan-gonzalez\/\"]}]},{\"@type\":\"ImageObject\",\"inLanguage\":\"en-US\",\"@id\":\"https:\/\/monlau-motorsport.com\/en\/monlau-motul-karting-team-european-junior-champion-with-ivan-gonzalez\/#primaryimage\",\"url\":\"https:\/\/monlau-motorsport.com\/wp-content\/uploads\/2026\/08\/Monlau_IAME_-Genk_2026_1-scaled.jpg\",\"contentUrl\":\"https:\/\/monlau-motorsport.com\/wp-content\/uploads\/2026\/08\/Monlau_IAME_-Genk_2026_1-scaled.jpg\",\"width\":2560,\"height\":1725},{\"@type\":\"BreadcrumbList\",\"@id\":\"https:\/\/monlau-motorsport.com\/en\/monlau-motul-karting-team-european-junior-champion-with-ivan-gonzalez\/#breadcrumb\",\"itemListElement\":[{\"@type\":\"ListItem\",\"position\":1,\"name\":\"Portada\",\"item\":\"https:\/\/monlau-motorsport.com\/en\/\"},{\"@type\":\"ListItem\",\"position\":2,\"name\":\"Monlau Motul Karting Team, European Junior Champion with Iv\u00e1n Gonz\u00e1lez\"}]},{\"@type\":\"WebSite\",\"@id\":\"https:\/\/monlau-motorsport.com\/en\/#website\",\"url\":\"https:\/\/monlau-motorsport.com\/en\/\",\"name\":\"Monlau Motorsport\",\"description\":\"\",\"publisher\":{\"@id\":\"https:\/\/monlau-motorsport.com\/en\/#organization\"},\"potentialAction\":[{\"@type\":\"SearchAction\",\"target\":{\"@type\":\"EntryPoint\",\"urlTemplate\":\"https:\/\/monlau-motorsport.com\/en\/?s={search_term_string}\"},\"query-input\":{\"@type\":\"PropertyValueSpecification\",\"valueRequired\":true,\"valueName\":\"search_term_string\"}}],\"inLanguage\":\"en-US\"},{\"@type\":\"Organization\",\"@id\":\"https:\/\/monlau-motorsport.com\/en\/#organization\",\"name\":\"Monlau Motul Technical School\",\"url\":\"https:\/\/monlau-motorsport.com\/en\/\",\"logo\":{\"@type\":\"ImageObject\",\"inLanguage\":\"en-US\",\"@id\":\"https:\/\/monlau-motorsport.com\/en\/#\/schema\/logo\/image\/\",\"url\":\"https:\/\/monlau-motorsport.com\/wp-content\/uploads\/2022\/03\/MonlauMotul_logo.png\",\"contentUrl\":\"https:\/\/monlau-motorsport.com\/wp-content\/uploads\/2022\/03\/MonlauMotul_logo.png\",\"width\":2000,\"height\":2000,\"caption\":\"Monlau Motul Technical School\"},\"image\":{\"@id\":\"https:\/\/monlau-motorsport.com\/en\/#\/schema\/logo\/image\/\"},\"sameAs\":[\"https:\/\/www.facebook.com\/MonlauMotulTechnicalSchool\",\"https:\/\/x.com\/MonlauMotul\",\"https:\/\/www.instagram.com\/monlau_motul\/\"]},{\"@type\":\"Person\",\"@id\":\"https:\/\/monlau-motorsport.com\/en\/#\/schema\/person\/c539176cfe94b54e735a06e7733478f9\",\"name\":\"Marketing Monlau\",\"image\":{\"@type\":\"ImageObject\",\"inLanguage\":\"en-US\",\"@id\":\"https:\/\/monlau-motorsport.com\/en\/#\/schema\/person\/image\/\",\"url\":\"https:\/\/secure.gravatar.com\/avatar\/a9a12262e08a0c2dc2924819dd63c9cc3be83371f412b31947936662c920a283?s=96&d=mm&r=g\",\"contentUrl\":\"https:\/\/secure.gravatar.com\/avatar\/a9a12262e08a0c2dc2924819dd63c9cc3be83371f412b31947936662c920a283?s=96&d=mm&r=g\",\"caption\":\"Marketing Monlau\"},\"url\":\"https:\/\/monlau-motorsport.com\/en\/author\/marketing\/\"}]}<\/script>\n<!-- \/ Yoast SEO plugin. -->","yoast_head_json":{"title":"Monlau Motul Karting Team, European Junior Champion with Iv\u00e1n Gonz\u00e1lez","description":"The Malaga-born driver secured the IAME Euro Series title after finishing third in the Genk final, closing a season marked by consistency.","robots":{"index":"index","follow":"follow","max-snippet":"max-snippet:-1","max-image-preview":"max-image-preview:large","max-video-preview":"max-video-preview:-1"},"canonical":"https:\/\/monlau-motorsport.com\/en\/monlau-motul-karting-team-european-junior-champion-with-ivan-gonzalez\/","og_locale":"en_US","og_type":"article","og_title":"Monlau Motul Karting Team, European Junior Champion with Iv\u00e1n Gonz\u00e1lez","og_description":"The Malaga-born driver secured the IAME Euro Series title after finishing third in the Genk final, closing a season marked by consistency.","og_url":"https:\/\/monlau-motorsport.com\/en\/monlau-motul-karting-team-european-junior-champion-with-ivan-gonzalez\/","og_site_name":"Monlau Motorsport","article_publisher":"https:\/\/www.facebook.com\/MonlauMotulTechnicalSchool","article_published_time":"2026-08-31T12:46:31+00:00","article_modified_time":"2026-08-31T12:46:34+00:00","og_image":[{"width":2560,"height":1725,"url":"https:\/\/monlau-motorsport.com\/wp-content\/uploads\/2026\/08\/Monlau_IAME_-Genk_2026_1-scaled.jpg","type":"image\/jpeg"}],"author":"Marketing Monlau","twitter_card":"summary_large_image","twitter_creator":"@MonlauMotul","twitter_site":"@MonlauMotul","twitter_misc":{"Written by":"Marketing Monlau","Est. reading time":"5 minutes"},"schema":{"@context":"https:\/\/schema.org","@graph":[{"@type":"Article","@id":"https:\/\/monlau-motorsport.com\/en\/monlau-motul-karting-team-european-junior-champion-with-ivan-gonzalez\/#article","isPartOf":{"@id":"https:\/\/monlau-motorsport.com\/en\/monlau-motul-karting-team-european-junior-champion-with-ivan-gonzalez\/"},"author":{"name":"Marketing Monlau","@id":"https:\/\/monlau-motorsport.com\/en\/#\/schema\/person\/c539176cfe94b54e735a06e7733478f9"},"headline":"Monlau Motul Karting Team, European Junior Champion with Iv\u00e1n Gonz\u00e1lez","datePublished":"2026-08-31T12:46:31+00:00","dateModified":"2026-08-31T12:46:34+00:00","mainEntityOfPage":{"@id":"https:\/\/monlau-motorsport.com\/en\/monlau-motul-karting-team-european-junior-champion-with-ivan-gonzalez\/"},"wordCount":840,"publisher":{"@id":"https:\/\/monlau-motorsport.com\/en\/#organization"},"image":{"@id":"https:\/\/monlau-motorsport.com\/en\/monlau-motul-karting-team-european-junior-champion-with-ivan-gonzalez\/#primaryimage"},"thumbnailUrl":"https:\/\/monlau-motorsport.com\/wp-content\/uploads\/2026\/08\/Monlau_IAME_-Genk_2026_1-scaled.jpg","articleSection":["Sin categorizar"],"inLanguage":"en-US"},{"@type":"WebPage","@id":"https:\/\/monlau-motorsport.com\/en\/monlau-motul-karting-team-european-junior-champion-with-ivan-gonzalez\/","url":"https:\/\/monlau-motorsport.com\/en\/monlau-motul-karting-team-european-junior-champion-with-ivan-gonzalez\/","name":"Monlau Motul Karting Team, European Junior Champion with Iv\u00e1n Gonz\u00e1lez","isPartOf":{"@id":"https:\/\/monlau-motorsport.com\/en\/#website"},"primaryImageOfPage":{"@id":"https:\/\/monlau-motorsport.com\/en\/monlau-motul-karting-team-european-junior-champion-with-ivan-gonzalez\/#primaryimage"},"image":{"@id":"https:\/\/monlau-motorsport.com\/en\/monlau-motul-karting-team-european-junior-champion-with-ivan-gonzalez\/#primaryimage"},"thumbnailUrl":"https:\/\/monlau-motorsport.com\/wp-content\/uploads\/2026\/08\/Monlau_IAME_-Genk_2026_1-scaled.jpg","datePublished":"2026-08-31T12:46:31+00:00","dateModified":"2026-08-31T12:46:34+00:00","description":"The Malaga-born driver secured the IAME Euro Series title after finishing third in the Genk final, closing a season marked by consistency.","breadcrumb":{"@id":"https:\/\/monlau-motorsport.com\/en\/monlau-motul-karting-team-european-junior-champion-with-ivan-gonzalez\/#breadcrumb"},"inLanguage":"en-US","potentialAction":[{"@type":"ReadAction","target":["https:\/\/monlau-motorsport.com\/en\/monlau-motul-karting-team-european-junior-champion-with-ivan-gonzalez\/"]}]},{"@type":"ImageObject","inLanguage":"en-US","@id":"https:\/\/monlau-motorsport.com\/en\/monlau-motul-karting-team-european-junior-champion-with-ivan-gonzalez\/#primaryimage","url":"https:\/\/monlau-motorsport.com\/wp-content\/uploads\/2026\/08\/Monlau_IAME_-Genk_2026_1-scaled.jpg","contentUrl":"https:\/\/monlau-motorsport.com\/wp-content\/uploads\/2026\/08\/Monlau_IAME_-Genk_2026_1-scaled.jpg","width":2560,"height":1725},{"@type":"BreadcrumbList","@id":"https:\/\/monlau-motorsport.com\/en\/monlau-motul-karting-team-european-junior-champion-with-ivan-gonzalez\/#breadcrumb","itemListElement":[{"@type":"ListItem","position":1,"name":"Portada","item":"https:\/\/monlau-motorsport.com\/en\/"},{"@type":"ListItem","position":2,"name":"Monlau Motul Karting Team, European Junior Champion with Iv\u00e1n Gonz\u00e1lez"}]},{"@type":"WebSite","@id":"https:\/\/monlau-motorsport.com\/en\/#website","url":"https:\/\/monlau-motorsport.com\/en\/","name":"Monlau Motorsport","description":"","publisher":{"@id":"https:\/\/monlau-motorsport.com\/en\/#organization"},"potentialAction":[{"@type":"SearchAction","target":{"@type":"EntryPoint","urlTemplate":"https:\/\/monlau-motorsport.com\/en\/?s={search_term_string}"},"query-input":{"@type":"PropertyValueSpecification","valueRequired":true,"valueName":"search_term_string"}}],"inLanguage":"en-US"},{"@type":"Organization","@id":"https:\/\/monlau-motorsport.com\/en\/#organization","name":"Monlau Motul Technical School","url":"https:\/\/monlau-motorsport.com\/en\/","logo":{"@type":"ImageObject","inLanguage":"en-US","@id":"https:\/\/monlau-motorsport.com\/en\/#\/schema\/logo\/image\/","url":"https:\/\/monlau-motorsport.com\/wp-content\/uploads\/2022\/03\/MonlauMotul_logo.png","contentUrl":"https:\/\/monlau-motorsport.com\/wp-content\/uploads\/2022\/03\/MonlauMotul_logo.png","width":2000,"height":2000,"caption":"Monlau Motul Technical School"},"image":{"@id":"https:\/\/monlau-motorsport.com\/en\/#\/schema\/logo\/image\/"},"sameAs":["https:\/\/www.facebook.com\/MonlauMotulTechnicalSchool","https:\/\/x.com\/MonlauMotul","https:\/\/www.instagram.com\/monlau_motul\/"]},{"@type":"Person","@id":"https:\/\/monlau-motorsport.com\/en\/#\/schema\/person\/c539176cfe94b54e735a06e7733478f9","name":"Marketing Monlau","image":{"@type":"ImageObject","inLanguage":"en-US","@id":"https:\/\/monlau-motorsport.com\/en\/#\/schema\/person\/image\/","url":"https:\/\/secure.gravatar.com\/avatar\/a9a12262e08a0c2dc2924819dd63c9cc3be83371f412b31947936662c920a283?s=96&d=mm&r=g","contentUrl":"https:\/\/secure.gravatar.com\/avatar\/a9a12262e08a0c2dc2924819dd63c9cc3be83371f412b31947936662c920a283?s=96&d=mm&r=g","caption":"Marketing Monlau"},"url":"https:\/\/monlau-motorsport.com\/en\/author\/marketing\/"}]}},"_links":{"self":[{"href":"https:\/\/monlau-motorsport.com\/en\/wp-json\/wp\/v2\/posts\/27151","targetHints":{"allow":["GET"]}}],"collection":[{"href":"https:\/\/monlau-motorsport.com\/en\/wp-json\/wp\/v2\/posts"}],"about":[{"href":"https:\/\/monlau-motorsport.com\/en\/wp-json\/wp\/v2\/types\/post"}],"author":[{"embeddable":true,"href":"https:\/\/monlau-motorsport.com\/en\/wp-json\/wp\/v2\/users\/6"}],"replies":[{"embeddable":true,"href":"https:\/\/monlau-motorsport.com\/en\/wp-json\/wp\/v2\/comments?post=27151"}],"version-history":[{"count":1,"href":"https:\/\/monlau-motorsport.com\/en\/wp-json\/wp\/v2\/posts\/27151\/revisions"}],"predecessor-version":[{"id":27152,"href":"https:\/\/monlau-motorsport.com\/en\/wp-json\/wp\/v2\/posts\/27151\/revisions\/27152"}],"wp:featuredmedia":[{"embeddable":true,"href":"https:\/\/monlau-motorsport.com\/en\/wp-json\/wp\/v2\/media\/27147"}],"wp:attachment":[{"href":"https:\/\/monlau-motorsport.com\/en\/wp-json\/wp\/v2\/media?parent=27151"}],"wp:term":[{"taxonomy":"category","embeddable":true,"href":"https:\/\/monlau-motorsport.com\/en\/wp-json\/wp\/v2\/categories?post=27151"},{"taxonomy":"post_tag","embeddable":true,"href":"https:\/\/monlau-motorsport.com\/en\/wp-json\/wp\/v2\/tags?post=27151"}],"curies":[{"name":"wp","href":"https:\/\/api.w.org\/{rel}","templated":true}]}}