{"id":6259,"date":"2016-05-26T00:00:00","date_gmt":"2016-05-26T00:00:00","guid":{"rendered":"https:\/\/monlau-motorsport.com\/monlau-repsol-vuelve-al-volant-racc-tras-ganar-en-el-rallye-de-igualada\/"},"modified":"2020-11-24T14:19:17","modified_gmt":"2020-11-24T14:19:17","slug":"monlau-repsol-vuelve-al-volant-racc-tras-ganar-en-el-rallye-de-igualada","status":"publish","type":"post","link":"https:\/\/monlau-motorsport.com\/en\/monlau-repsol-vuelve-al-volant-racc-tras-ganar-en-el-rallye-de-igualada\/","title":{"rendered":"Monlau Repsol vuelve al Volant RACC tras ganar en el Rallye de Igualada"},"content":{"rendered":"<p>El barcelon\u00e9s David Cebri\u00e1n llega con muy buenas sensaciones al Rallye Empord\u00e0 tras su victoria a los mandos del Peugeot 107 copilotado por Jaime Alegre.<br \/>\nAlumnos y profesores de Monlau Repsol volver\u00e1n a encargarse de la puesta a punto del veh\u00edculo y de todas las asistencias durante la tercera prueba puntuable del Volant RACC.<br \/>\nMonlau Repsol Technical School disputar\u00e1 el pr\u00f3ximo s\u00e1bado el 31\u00ba Rallye Empord\u00e0, tercera prueba puntuable para el Volant RACC \/ Trofeo MAVISA y segunda de asfalto de la presente temporada. El piloto David Cebri\u00e1n volver\u00e1 a ponerse al volante del Peugeot 107 preparado y asistido por alumnos y profesores del centro de formaci\u00f3n barcelon\u00e9s que participan en este proyecto 100% escolar.<br \/>\nLa prueba ampurdanesa llega en un buen momento para Monlau Repsol, que se hizo con la victoria en el \u00faltimo Rallye de Igualada disputado a finales de abril. El enorme trabajo del equipo formado por profesores y alumnos, junto con la gran actuaci\u00f3n de David Cebri\u00e1n al volante del Peugeot, permiti\u00f3 alcanzar un triunfo que refuerza la confianza del proyecto de cara a la cita de este fin de semana.<br \/>\nEl objetivo de Monlau\u00a0Repsol Technical School en el Volant RACC no es otro que ofrecer a sus alumnos una formaci\u00f3n espec\u00edfica en rallyes dentro de un marco real. Con este fin, dos estudiantes de segundo curso y otros dos de primero de Mec\u00e1nica de Competici\u00f3n de Automovilismo se encargan de las asistencias del veh\u00edculo durante las competiciones. Un grupo de profesores supervisa todos los movimientos de los futuros mec\u00e1nicos de competici\u00f3n y vela porque realicen su trabajo con la mayor meticulosidad, precisi\u00f3n y profesionalidad posible.<br \/>\nEl Rallye Empord\u00e0 se disputar\u00e1 \u00edntegramente el s\u00e1bado, durante una intensa jornada dividida en dos secciones de tres tramos, a los que se dar\u00e1n dos pasadas. En total, los participantes deber\u00e1n completar 198 kil\u00f3metros, 60,7 de los cuales ser\u00e1n cronometrados. David Cebri\u00e1n y Jaime Alegre luchar\u00e1n por hacer un buen papel.<\/p>\n","protected":false},"excerpt":{"rendered":"<p>El barcelon\u00e9s David Cebri\u00e1n llega con muy buenas sensaciones al Rallye Empord\u00e0 tras su victoria a los mandos del Peugeot 107 copilotado por Jaime Alegre. Alumnos y profesores de Monlau Repsol volver\u00e1n a encargarse de la puesta a punto del veh\u00edculo y de todas las asistencias durante la tercera prueba puntuable del Volant RACC. Monlau [&hellip;]<\/p>\n","protected":false},"author":4,"featured_media":4082,"comment_status":"open","ping_status":"open","sticky":false,"template":"","format":"standard","meta":{"newsup_original_id":"","newsup_last_updated":"","site-sidebar-layout":"default","site-content-layout":"","ast-site-content-layout":"default","site-content-style":"default","site-sidebar-style":"default","ast-global-header-display":"","ast-banner-title-visibility":"","ast-main-header-display":"","ast-hfb-above-header-display":"","ast-hfb-below-header-display":"","ast-hfb-mobile-header-display":"","site-post-title":"","ast-breadcrumbs-content":"","ast-featured-img":"","footer-sml-layout":"","ast-disable-related-posts":"","theme-transparent-header-meta":"","adv-header-id-meta":"","stick-header-meta":"","header-above-stick-meta":"","header-main-stick-meta":"","header-below-stick-meta":"","astra-migrate-meta-layouts":"default","ast-page-background-enabled":"default","ast-page-background-meta":{"desktop":{"background-color":"","background-image":"","background-repeat":"repeat","background-position":"center center","background-size":"auto","background-attachment":"scroll","background-type":"","background-media":"","overlay-type":"","overlay-color":"","overlay-opacity":"","overlay-gradient":""},"tablet":{"background-color":"","background-image":"","background-repeat":"repeat","background-position":"center center","background-size":"auto","background-attachment":"scroll","background-type":"","background-media":"","overlay-type":"","overlay-color":"","overlay-opacity":"","overlay-gradient":""},"mobile":{"background-color":"","background-image":"","background-repeat":"repeat","background-position":"center center","background-size":"auto","background-attachment":"scroll","background-type":"","background-media":"","overlay-type":"","overlay-color":"","overlay-opacity":"","overlay-gradient":""}},"ast-content-background-meta":{"desktop":{"background-color":"var(--ast-global-color-5)","background-image":"","background-repeat":"repeat","background-position":"center center","background-size":"auto","background-attachment":"scroll","background-type":"","background-media":"","overlay-type":"","overlay-color":"","overlay-opacity":"","overlay-gradient":""},"tablet":{"background-color":"var(--ast-global-color-5)","background-image":"","background-repeat":"repeat","background-position":"center center","background-size":"auto","background-attachment":"scroll","background-type":"","background-media":"","overlay-type":"","overlay-color":"","overlay-opacity":"","overlay-gradient":""},"mobile":{"background-color":"var(--ast-global-color-5)","background-image":"","background-repeat":"repeat","background-position":"center center","background-size":"auto","background-attachment":"scroll","background-type":"","background-media":"","overlay-type":"","overlay-color":"","overlay-opacity":"","overlay-gradient":""}},"footnotes":""},"categories":[],"tags":[],"class_list":["post-6259","post","type-post","status-publish","format-standard","has-post-thumbnail","hentry"],"yoast_head":"<!-- This site is optimized with the Yoast SEO plugin v23.4 - https:\/\/yoast.com\/wordpress\/plugins\/seo\/ -->\n<title>Monlau Repsol vuelve al Volant RACC tras ganar en el Rallye de Igualada - Monlau Motorsport<\/title>\n<meta name=\"description\" content=\"Monlau Motul Technical School es la escuela l\u00edder en mec\u00e1nica de competici\u00f3n tanto en autom\u00f3viles como en motocicletas.\" \/>\n<meta name=\"robots\" content=\"index, follow, max-snippet:-1, max-image-preview:large, max-video-preview:-1\" \/>\n<link rel=\"canonical\" href=\"https:\/\/monlau-motorsport.com\/en\/monlau-repsol-vuelve-al-volant-racc-tras-ganar-en-el-rallye-de-igualada\/\" \/>\n<meta property=\"og:locale\" content=\"en_US\" \/>\n<meta property=\"og:type\" content=\"article\" \/>\n<meta property=\"og:title\" content=\"Monlau Repsol vuelve al Volant RACC tras ganar en el Rallye de Igualada - Monlau Motorsport\" \/>\n<meta property=\"og:description\" content=\"Monlau Motul Technical School es la escuela l\u00edder en mec\u00e1nica de competici\u00f3n tanto en autom\u00f3viles como en motocicletas.\" \/>\n<meta property=\"og:url\" content=\"https:\/\/monlau-motorsport.com\/en\/monlau-repsol-vuelve-al-volant-racc-tras-ganar-en-el-rallye-de-igualada\/\" \/>\n<meta property=\"og:site_name\" content=\"Monlau Motorsport\" \/>\n<meta property=\"article:publisher\" content=\"https:\/\/www.facebook.com\/MonlauMotulTechnicalSchool\" \/>\n<meta property=\"article:published_time\" content=\"2016-05-26T00:00:00+00:00\" \/>\n<meta property=\"article:modified_time\" content=\"2020-11-24T14:19:17+00:00\" \/>\n<meta property=\"og:image\" content=\"https:\/\/monlau-motorsport.com\/wp-content\/uploads\/2020\/08\/volant_racc_emporda_monlau_repsol.jpg\" \/>\n\t<meta property=\"og:image:width\" content=\"847\" \/>\n\t<meta property=\"og:image:height\" content=\"560\" \/>\n\t<meta property=\"og:image:type\" content=\"image\/jpeg\" \/>\n<meta name=\"author\" content=\"La Maravillosa Agency\" \/>\n<meta name=\"twitter:card\" content=\"summary_large_image\" \/>\n<meta name=\"twitter:creator\" content=\"@MonlauMotul\" \/>\n<meta name=\"twitter:site\" content=\"@MonlauMotul\" \/>\n<meta name=\"twitter:label1\" content=\"Written by\" \/>\n\t<meta name=\"twitter:data1\" content=\"La Maravillosa Agency\" \/>\n\t<meta name=\"twitter:label2\" content=\"Est. reading time\" \/>\n\t<meta name=\"twitter:data2\" content=\"2 minutes\" \/>\n<script type=\"application\/ld+json\" class=\"yoast-schema-graph\">{\"@context\":\"https:\/\/schema.org\",\"@graph\":[{\"@type\":\"Article\",\"@id\":\"https:\/\/monlau-motorsport.com\/en\/monlau-repsol-vuelve-al-volant-racc-tras-ganar-en-el-rallye-de-igualada\/#article\",\"isPartOf\":{\"@id\":\"https:\/\/monlau-motorsport.com\/en\/monlau-repsol-vuelve-al-volant-racc-tras-ganar-en-el-rallye-de-igualada\/\"},\"author\":{\"name\":\"La Maravillosa Agency\",\"@id\":\"https:\/\/monlau-motorsport.com\/en\/#\/schema\/person\/85f32de9818734c82b7aa149fcd5aeed\"},\"headline\":\"Monlau Repsol vuelve al Volant RACC tras ganar en el Rallye de Igualada\",\"datePublished\":\"2016-05-26T00:00:00+00:00\",\"dateModified\":\"2020-11-24T14:19:17+00:00\",\"mainEntityOfPage\":{\"@id\":\"https:\/\/monlau-motorsport.com\/en\/monlau-repsol-vuelve-al-volant-racc-tras-ganar-en-el-rallye-de-igualada\/\"},\"wordCount\":354,\"commentCount\":0,\"publisher\":{\"@id\":\"https:\/\/monlau-motorsport.com\/en\/#organization\"},\"image\":{\"@id\":\"https:\/\/monlau-motorsport.com\/en\/monlau-repsol-vuelve-al-volant-racc-tras-ganar-en-el-rallye-de-igualada\/#primaryimage\"},\"thumbnailUrl\":\"https:\/\/monlau-motorsport.com\/wp-content\/uploads\/2020\/08\/volant_racc_emporda_monlau_repsol.jpg\",\"inLanguage\":\"en-US\",\"potentialAction\":[{\"@type\":\"CommentAction\",\"name\":\"Comment\",\"target\":[\"https:\/\/monlau-motorsport.com\/en\/monlau-repsol-vuelve-al-volant-racc-tras-ganar-en-el-rallye-de-igualada\/#respond\"]}]},{\"@type\":\"WebPage\",\"@id\":\"https:\/\/monlau-motorsport.com\/en\/monlau-repsol-vuelve-al-volant-racc-tras-ganar-en-el-rallye-de-igualada\/\",\"url\":\"https:\/\/monlau-motorsport.com\/en\/monlau-repsol-vuelve-al-volant-racc-tras-ganar-en-el-rallye-de-igualada\/\",\"name\":\"Monlau Repsol vuelve al Volant RACC tras ganar en el Rallye de Igualada - Monlau Motorsport\",\"isPartOf\":{\"@id\":\"https:\/\/monlau-motorsport.com\/en\/#website\"},\"primaryImageOfPage\":{\"@id\":\"https:\/\/monlau-motorsport.com\/en\/monlau-repsol-vuelve-al-volant-racc-tras-ganar-en-el-rallye-de-igualada\/#primaryimage\"},\"image\":{\"@id\":\"https:\/\/monlau-motorsport.com\/en\/monlau-repsol-vuelve-al-volant-racc-tras-ganar-en-el-rallye-de-igualada\/#primaryimage\"},\"thumbnailUrl\":\"https:\/\/monlau-motorsport.com\/wp-content\/uploads\/2020\/08\/volant_racc_emporda_monlau_repsol.jpg\",\"datePublished\":\"2016-05-26T00:00:00+00:00\",\"dateModified\":\"2020-11-24T14:19:17+00:00\",\"description\":\"Monlau Motul Technical School es la escuela l\u00edder en mec\u00e1nica de competici\u00f3n tanto en autom\u00f3viles como en motocicletas.\",\"breadcrumb\":{\"@id\":\"https:\/\/monlau-motorsport.com\/en\/monlau-repsol-vuelve-al-volant-racc-tras-ganar-en-el-rallye-de-igualada\/#breadcrumb\"},\"inLanguage\":\"en-US\",\"potentialAction\":[{\"@type\":\"ReadAction\",\"target\":[\"https:\/\/monlau-motorsport.com\/en\/monlau-repsol-vuelve-al-volant-racc-tras-ganar-en-el-rallye-de-igualada\/\"]}]},{\"@type\":\"ImageObject\",\"inLanguage\":\"en-US\",\"@id\":\"https:\/\/monlau-motorsport.com\/en\/monlau-repsol-vuelve-al-volant-racc-tras-ganar-en-el-rallye-de-igualada\/#primaryimage\",\"url\":\"https:\/\/monlau-motorsport.com\/wp-content\/uploads\/2020\/08\/volant_racc_emporda_monlau_repsol.jpg\",\"contentUrl\":\"https:\/\/monlau-motorsport.com\/wp-content\/uploads\/2020\/08\/volant_racc_emporda_monlau_repsol.jpg\",\"width\":847,\"height\":560},{\"@type\":\"BreadcrumbList\",\"@id\":\"https:\/\/monlau-motorsport.com\/en\/monlau-repsol-vuelve-al-volant-racc-tras-ganar-en-el-rallye-de-igualada\/#breadcrumb\",\"itemListElement\":[{\"@type\":\"ListItem\",\"position\":1,\"name\":\"Portada\",\"item\":\"https:\/\/monlau-motorsport.com\/en\/\"},{\"@type\":\"ListItem\",\"position\":2,\"name\":\"Monlau Repsol vuelve al Volant RACC tras ganar en el Rallye de Igualada\"}]},{\"@type\":\"WebSite\",\"@id\":\"https:\/\/monlau-motorsport.com\/en\/#website\",\"url\":\"https:\/\/monlau-motorsport.com\/en\/\",\"name\":\"Monlau Motorsport\",\"description\":\"\",\"publisher\":{\"@id\":\"https:\/\/monlau-motorsport.com\/en\/#organization\"},\"potentialAction\":[{\"@type\":\"SearchAction\",\"target\":{\"@type\":\"EntryPoint\",\"urlTemplate\":\"https:\/\/monlau-motorsport.com\/en\/?s={search_term_string}\"},\"query-input\":{\"@type\":\"PropertyValueSpecification\",\"valueRequired\":true,\"valueName\":\"search_term_string\"}}],\"inLanguage\":\"en-US\"},{\"@type\":\"Organization\",\"@id\":\"https:\/\/monlau-motorsport.com\/en\/#organization\",\"name\":\"Monlau Motul Technical School\",\"url\":\"https:\/\/monlau-motorsport.com\/en\/\",\"logo\":{\"@type\":\"ImageObject\",\"inLanguage\":\"en-US\",\"@id\":\"https:\/\/monlau-motorsport.com\/en\/#\/schema\/logo\/image\/\",\"url\":\"https:\/\/monlau-motorsport.com\/wp-content\/uploads\/2022\/03\/MonlauMotul_logo.png\",\"contentUrl\":\"https:\/\/monlau-motorsport.com\/wp-content\/uploads\/2022\/03\/MonlauMotul_logo.png\",\"width\":2000,\"height\":2000,\"caption\":\"Monlau Motul Technical School\"},\"image\":{\"@id\":\"https:\/\/monlau-motorsport.com\/en\/#\/schema\/logo\/image\/\"},\"sameAs\":[\"https:\/\/www.facebook.com\/MonlauMotulTechnicalSchool\",\"https:\/\/x.com\/MonlauMotul\",\"https:\/\/www.instagram.com\/monlau_motul\/\"]},{\"@type\":\"Person\",\"@id\":\"https:\/\/monlau-motorsport.com\/en\/#\/schema\/person\/85f32de9818734c82b7aa149fcd5aeed\",\"name\":\"La Maravillosa Agency\",\"image\":{\"@type\":\"ImageObject\",\"inLanguage\":\"en-US\",\"@id\":\"https:\/\/monlau-motorsport.com\/en\/#\/schema\/person\/image\/\",\"url\":\"https:\/\/secure.gravatar.com\/avatar\/e538f4d4e399075c9ba040f71493196b89e12f12de07ae139530a551085d1a5b?s=96&d=mm&r=g\",\"contentUrl\":\"https:\/\/secure.gravatar.com\/avatar\/e538f4d4e399075c9ba040f71493196b89e12f12de07ae139530a551085d1a5b?s=96&d=mm&r=g\",\"caption\":\"La Maravillosa Agency\"},\"url\":\"https:\/\/monlau-motorsport.com\/en\/author\/admin_motorsport\/\"}]}<\/script>\n<!-- \/ Yoast SEO plugin. -->","yoast_head_json":{"title":"Monlau Repsol vuelve al Volant RACC tras ganar en el Rallye de Igualada - Monlau Motorsport","description":"Monlau Motul Technical School es la escuela l\u00edder en mec\u00e1nica de competici\u00f3n tanto en autom\u00f3viles como en motocicletas.","robots":{"index":"index","follow":"follow","max-snippet":"max-snippet:-1","max-image-preview":"max-image-preview:large","max-video-preview":"max-video-preview:-1"},"canonical":"https:\/\/monlau-motorsport.com\/en\/monlau-repsol-vuelve-al-volant-racc-tras-ganar-en-el-rallye-de-igualada\/","og_locale":"en_US","og_type":"article","og_title":"Monlau Repsol vuelve al Volant RACC tras ganar en el Rallye de Igualada - Monlau Motorsport","og_description":"Monlau Motul Technical School es la escuela l\u00edder en mec\u00e1nica de competici\u00f3n tanto en autom\u00f3viles como en motocicletas.","og_url":"https:\/\/monlau-motorsport.com\/en\/monlau-repsol-vuelve-al-volant-racc-tras-ganar-en-el-rallye-de-igualada\/","og_site_name":"Monlau Motorsport","article_publisher":"https:\/\/www.facebook.com\/MonlauMotulTechnicalSchool","article_published_time":"2016-05-26T00:00:00+00:00","article_modified_time":"2020-11-24T14:19:17+00:00","og_image":[{"width":847,"height":560,"url":"https:\/\/monlau-motorsport.com\/wp-content\/uploads\/2020\/08\/volant_racc_emporda_monlau_repsol.jpg","type":"image\/jpeg"}],"author":"La Maravillosa Agency","twitter_card":"summary_large_image","twitter_creator":"@MonlauMotul","twitter_site":"@MonlauMotul","twitter_misc":{"Written by":"La Maravillosa Agency","Est. reading time":"2 minutes"},"schema":{"@context":"https:\/\/schema.org","@graph":[{"@type":"Article","@id":"https:\/\/monlau-motorsport.com\/en\/monlau-repsol-vuelve-al-volant-racc-tras-ganar-en-el-rallye-de-igualada\/#article","isPartOf":{"@id":"https:\/\/monlau-motorsport.com\/en\/monlau-repsol-vuelve-al-volant-racc-tras-ganar-en-el-rallye-de-igualada\/"},"author":{"name":"La Maravillosa Agency","@id":"https:\/\/monlau-motorsport.com\/en\/#\/schema\/person\/85f32de9818734c82b7aa149fcd5aeed"},"headline":"Monlau Repsol vuelve al Volant RACC tras ganar en el Rallye de Igualada","datePublished":"2016-05-26T00:00:00+00:00","dateModified":"2020-11-24T14:19:17+00:00","mainEntityOfPage":{"@id":"https:\/\/monlau-motorsport.com\/en\/monlau-repsol-vuelve-al-volant-racc-tras-ganar-en-el-rallye-de-igualada\/"},"wordCount":354,"commentCount":0,"publisher":{"@id":"https:\/\/monlau-motorsport.com\/en\/#organization"},"image":{"@id":"https:\/\/monlau-motorsport.com\/en\/monlau-repsol-vuelve-al-volant-racc-tras-ganar-en-el-rallye-de-igualada\/#primaryimage"},"thumbnailUrl":"https:\/\/monlau-motorsport.com\/wp-content\/uploads\/2020\/08\/volant_racc_emporda_monlau_repsol.jpg","inLanguage":"en-US","potentialAction":[{"@type":"CommentAction","name":"Comment","target":["https:\/\/monlau-motorsport.com\/en\/monlau-repsol-vuelve-al-volant-racc-tras-ganar-en-el-rallye-de-igualada\/#respond"]}]},{"@type":"WebPage","@id":"https:\/\/monlau-motorsport.com\/en\/monlau-repsol-vuelve-al-volant-racc-tras-ganar-en-el-rallye-de-igualada\/","url":"https:\/\/monlau-motorsport.com\/en\/monlau-repsol-vuelve-al-volant-racc-tras-ganar-en-el-rallye-de-igualada\/","name":"Monlau Repsol vuelve al Volant RACC tras ganar en el Rallye de Igualada - Monlau Motorsport","isPartOf":{"@id":"https:\/\/monlau-motorsport.com\/en\/#website"},"primaryImageOfPage":{"@id":"https:\/\/monlau-motorsport.com\/en\/monlau-repsol-vuelve-al-volant-racc-tras-ganar-en-el-rallye-de-igualada\/#primaryimage"},"image":{"@id":"https:\/\/monlau-motorsport.com\/en\/monlau-repsol-vuelve-al-volant-racc-tras-ganar-en-el-rallye-de-igualada\/#primaryimage"},"thumbnailUrl":"https:\/\/monlau-motorsport.com\/wp-content\/uploads\/2020\/08\/volant_racc_emporda_monlau_repsol.jpg","datePublished":"2016-05-26T00:00:00+00:00","dateModified":"2020-11-24T14:19:17+00:00","description":"Monlau Motul Technical School es la escuela l\u00edder en mec\u00e1nica de competici\u00f3n tanto en autom\u00f3viles como en motocicletas.","breadcrumb":{"@id":"https:\/\/monlau-motorsport.com\/en\/monlau-repsol-vuelve-al-volant-racc-tras-ganar-en-el-rallye-de-igualada\/#breadcrumb"},"inLanguage":"en-US","potentialAction":[{"@type":"ReadAction","target":["https:\/\/monlau-motorsport.com\/en\/monlau-repsol-vuelve-al-volant-racc-tras-ganar-en-el-rallye-de-igualada\/"]}]},{"@type":"ImageObject","inLanguage":"en-US","@id":"https:\/\/monlau-motorsport.com\/en\/monlau-repsol-vuelve-al-volant-racc-tras-ganar-en-el-rallye-de-igualada\/#primaryimage","url":"https:\/\/monlau-motorsport.com\/wp-content\/uploads\/2020\/08\/volant_racc_emporda_monlau_repsol.jpg","contentUrl":"https:\/\/monlau-motorsport.com\/wp-content\/uploads\/2020\/08\/volant_racc_emporda_monlau_repsol.jpg","width":847,"height":560},{"@type":"BreadcrumbList","@id":"https:\/\/monlau-motorsport.com\/en\/monlau-repsol-vuelve-al-volant-racc-tras-ganar-en-el-rallye-de-igualada\/#breadcrumb","itemListElement":[{"@type":"ListItem","position":1,"name":"Portada","item":"https:\/\/monlau-motorsport.com\/en\/"},{"@type":"ListItem","position":2,"name":"Monlau Repsol vuelve al Volant RACC tras ganar en el Rallye de Igualada"}]},{"@type":"WebSite","@id":"https:\/\/monlau-motorsport.com\/en\/#website","url":"https:\/\/monlau-motorsport.com\/en\/","name":"Monlau Motorsport","description":"","publisher":{"@id":"https:\/\/monlau-motorsport.com\/en\/#organization"},"potentialAction":[{"@type":"SearchAction","target":{"@type":"EntryPoint","urlTemplate":"https:\/\/monlau-motorsport.com\/en\/?s={search_term_string}"},"query-input":{"@type":"PropertyValueSpecification","valueRequired":true,"valueName":"search_term_string"}}],"inLanguage":"en-US"},{"@type":"Organization","@id":"https:\/\/monlau-motorsport.com\/en\/#organization","name":"Monlau Motul Technical School","url":"https:\/\/monlau-motorsport.com\/en\/","logo":{"@type":"ImageObject","inLanguage":"en-US","@id":"https:\/\/monlau-motorsport.com\/en\/#\/schema\/logo\/image\/","url":"https:\/\/monlau-motorsport.com\/wp-content\/uploads\/2022\/03\/MonlauMotul_logo.png","contentUrl":"https:\/\/monlau-motorsport.com\/wp-content\/uploads\/2022\/03\/MonlauMotul_logo.png","width":2000,"height":2000,"caption":"Monlau Motul Technical School"},"image":{"@id":"https:\/\/monlau-motorsport.com\/en\/#\/schema\/logo\/image\/"},"sameAs":["https:\/\/www.facebook.com\/MonlauMotulTechnicalSchool","https:\/\/x.com\/MonlauMotul","https:\/\/www.instagram.com\/monlau_motul\/"]},{"@type":"Person","@id":"https:\/\/monlau-motorsport.com\/en\/#\/schema\/person\/85f32de9818734c82b7aa149fcd5aeed","name":"La Maravillosa Agency","image":{"@type":"ImageObject","inLanguage":"en-US","@id":"https:\/\/monlau-motorsport.com\/en\/#\/schema\/person\/image\/","url":"https:\/\/secure.gravatar.com\/avatar\/e538f4d4e399075c9ba040f71493196b89e12f12de07ae139530a551085d1a5b?s=96&d=mm&r=g","contentUrl":"https:\/\/secure.gravatar.com\/avatar\/e538f4d4e399075c9ba040f71493196b89e12f12de07ae139530a551085d1a5b?s=96&d=mm&r=g","caption":"La Maravillosa Agency"},"url":"https:\/\/monlau-motorsport.com\/en\/author\/admin_motorsport\/"}]}},"_links":{"self":[{"href":"https:\/\/monlau-motorsport.com\/en\/wp-json\/wp\/v2\/posts\/6259","targetHints":{"allow":["GET"]}}],"collection":[{"href":"https:\/\/monlau-motorsport.com\/en\/wp-json\/wp\/v2\/posts"}],"about":[{"href":"https:\/\/monlau-motorsport.com\/en\/wp-json\/wp\/v2\/types\/post"}],"author":[{"embeddable":true,"href":"https:\/\/monlau-motorsport.com\/en\/wp-json\/wp\/v2\/users\/4"}],"replies":[{"embeddable":true,"href":"https:\/\/monlau-motorsport.com\/en\/wp-json\/wp\/v2\/comments?post=6259"}],"version-history":[{"count":1,"href":"https:\/\/monlau-motorsport.com\/en\/wp-json\/wp\/v2\/posts\/6259\/revisions"}],"predecessor-version":[{"id":16966,"href":"https:\/\/monlau-motorsport.com\/en\/wp-json\/wp\/v2\/posts\/6259\/revisions\/16966"}],"wp:featuredmedia":[{"embeddable":true,"href":"https:\/\/monlau-motorsport.com\/en\/wp-json\/wp\/v2\/media\/4082"}],"wp:attachment":[{"href":"https:\/\/monlau-motorsport.com\/en\/wp-json\/wp\/v2\/media?parent=6259"}],"wp:term":[{"taxonomy":"category","embeddable":true,"href":"https:\/\/monlau-motorsport.com\/en\/wp-json\/wp\/v2\/categories?post=6259"},{"taxonomy":"post_tag","embeddable":true,"href":"https:\/\/monlau-motorsport.com\/en\/wp-json\/wp\/v2\/tags?post=6259"}],"curies":[{"name":"wp","href":"https:\/\/api.w.org\/{rel}","templated":true}]}}