{"id":6264,"date":"2016-06-02T00:00:00","date_gmt":"2016-06-02T00:00:00","guid":{"rendered":"https:\/\/monlau-motorsport.com\/los-pilotos-de-monlau-repsol-y-estrella-galicia-00-motivados-ante-el-reto-en-montmel\/"},"modified":"2020-11-24T14:19:19","modified_gmt":"2020-11-24T14:19:19","slug":"los-pilotos-de-monlau-repsol-y-estrella-galicia-00-motivados-ante-el-reto-en-montmel","status":"publish","type":"post","link":"https:\/\/monlau-motorsport.com\/en\/los-pilotos-de-monlau-repsol-y-estrella-galicia-00-motivados-ante-el-reto-en-montmel\/","title":{"rendered":"Los pilotos de Monlau Repsol y Estrella Galicia 0,0, motivados ante el reto en Montmel"},"content":{"rendered":"<p>Jorge Navarro y Ar\u00f3n Canet afrontan el \u2018Gran Premi de Catalunya\u2019, que tendr\u00e1 lugar el pr\u00f3ximo fin de semana, con ganas de sumar puntos y escalar posiciones en la general.<br \/>\nEl Circuit de Barcelona \u2013 Catalunya en Montmel\u00f3 ser\u00e1 el pr\u00f3ximo escenario donde aterrizar\u00e1 el \u2018Gran Circus\u2019 de MotoGP; una pista que los dos pilotos de Monlay Repsol y Estrella Galicia 0,0 de Moto3 conocen bien por ser el circuito \u2018de casa\u2019 y formar parte del calendario del FIM CEV Repsol, en el que tanto Navarro como Canet han competido.<br \/>\nNavarro, que suma un total de 78 puntos en su casillero mundialista \u2013a 49 puntos del l\u00edder, Brad Binder\u2013 y es segundo en la clasificaci\u00f3n general, el a\u00f1o pasado afront\u00f3 la carrera del GP de Catalunya saliendo desde la primera l\u00ednea de parrilla \u2013tercera posici\u00f3n\u2013 y concluy\u00f3 sexto en carrera. Esta temporada, tras subirse en tres ocasiones al podio y no haberse podido clasificar en Mugello, el de la Pobla de Vallbona trabajar\u00e1 junto a su equipo t\u00e9cnico para ganar el m\u00e1ximo de puntos, motivados por recortar distancia con el l\u00edder en la general.<br \/>\nAr\u00f3n Canet, ya m\u00e1s recuperado de la peque\u00f1a lesi\u00f3n que sufre en el radio de su mu\u00f1eca izquierda, llega a un circuito en el que se subi\u00f3 a lo m\u00e1s alto del podio en la primera carrera del FIM CEV Circuit de Barcelona \u2013 Catalunya 2015, y fue segundo en la segunda carrera de Moto3 disputada el mismo d\u00eda. A falta de doce grandes premios para completar el calendario mundialista, Canet acumula un total de 23 puntos y es decimoquinto en la clasificaci\u00f3n general.<br \/>\nJorge Navarro \u2013 2\u00ba en la Clasificaci\u00f3n General con 78 puntos\u2028\u201cAfrontamos muy motivado el GP de Catalunya\u201d<br \/>\n\u201cDespu\u00e9s del mal sabor de boca que nos dej\u00f3 la \u00faltima carrera, afrontamos muy motivado el GP de Catalunya. Hicimos un test en el Circuit de Barcelona \u2013 Catalunya el 29 de abril, pero no pudimos trabajar en todos los aspectos que nos hubiera gustado debido al mal estado en el que se encontraba la pista; sin embargo, dimos un paso adelante en el \u00faltimo que hicimos en el Circuito de Mugello, tras el GP de Italia. As\u00ed que llegamos a Montmel\u00f3 con ganas de hacer un buen trabajo\u201d.<br \/>\nAr\u00f3n Canet \u2013 15\u00ba en la Clasificaci\u00f3n General con 23 puntos\u2028\u201cEl Circuit de Barcelona \u2013 Catalunya es un trazado que conozco bien porque he rodado mucho ah\u00ed\u201d<br \/>\n\u201cDespu\u00e9s del GP de Italia, donde aprend\u00ed mucho rodando en una carrera en grupo, llego con muchas ganas al GP de \u2018casa\u2019. Adem\u00e1s, el Circuit de Barcelona \u2013 Catalunya es un trazado que conozco bien porque he rodado mucho ah\u00ed a lo largo de mi carrera deportiva y adem\u00e1s creo que se me da muy bien, as\u00ed que \u00a1estoy impaciente por comenzar a trabajar ya!\u201d.<\/p>\n","protected":false},"excerpt":{"rendered":"<p>Jorge Navarro y Ar\u00f3n Canet afrontan el \u2018Gran Premi de Catalunya\u2019, que tendr\u00e1 lugar el pr\u00f3ximo fin de semana, con ganas de sumar puntos y escalar posiciones en la general. El Circuit de Barcelona \u2013 Catalunya en Montmel\u00f3 ser\u00e1 el pr\u00f3ximo escenario donde aterrizar\u00e1 el \u2018Gran Circus\u2019 de MotoGP; una pista que los dos pilotos [&hellip;]<\/p>\n","protected":false},"author":4,"featured_media":4090,"comment_status":"open","ping_status":"open","sticky":false,"template":"","format":"standard","meta":{"newsup_original_id":"","newsup_last_updated":"","site-sidebar-layout":"default","site-content-layout":"","ast-site-content-layout":"default","site-content-style":"default","site-sidebar-style":"default","ast-global-header-display":"","ast-banner-title-visibility":"","ast-main-header-display":"","ast-hfb-above-header-display":"","ast-hfb-below-header-display":"","ast-hfb-mobile-header-display":"","site-post-title":"","ast-breadcrumbs-content":"","ast-featured-img":"","footer-sml-layout":"","ast-disable-related-posts":"","theme-transparent-header-meta":"","adv-header-id-meta":"","stick-header-meta":"","header-above-stick-meta":"","header-main-stick-meta":"","header-below-stick-meta":"","astra-migrate-meta-layouts":"default","ast-page-background-enabled":"default","ast-page-background-meta":{"desktop":{"background-color":"","background-image":"","background-repeat":"repeat","background-position":"center center","background-size":"auto","background-attachment":"scroll","background-type":"","background-media":"","overlay-type":"","overlay-color":"","overlay-opacity":"","overlay-gradient":""},"tablet":{"background-color":"","background-image":"","background-repeat":"repeat","background-position":"center center","background-size":"auto","background-attachment":"scroll","background-type":"","background-media":"","overlay-type":"","overlay-color":"","overlay-opacity":"","overlay-gradient":""},"mobile":{"background-color":"","background-image":"","background-repeat":"repeat","background-position":"center center","background-size":"auto","background-attachment":"scroll","background-type":"","background-media":"","overlay-type":"","overlay-color":"","overlay-opacity":"","overlay-gradient":""}},"ast-content-background-meta":{"desktop":{"background-color":"var(--ast-global-color-5)","background-image":"","background-repeat":"repeat","background-position":"center center","background-size":"auto","background-attachment":"scroll","background-type":"","background-media":"","overlay-type":"","overlay-color":"","overlay-opacity":"","overlay-gradient":""},"tablet":{"background-color":"var(--ast-global-color-5)","background-image":"","background-repeat":"repeat","background-position":"center center","background-size":"auto","background-attachment":"scroll","background-type":"","background-media":"","overlay-type":"","overlay-color":"","overlay-opacity":"","overlay-gradient":""},"mobile":{"background-color":"var(--ast-global-color-5)","background-image":"","background-repeat":"repeat","background-position":"center center","background-size":"auto","background-attachment":"scroll","background-type":"","background-media":"","overlay-type":"","overlay-color":"","overlay-opacity":"","overlay-gradient":""}},"footnotes":""},"categories":[],"tags":[],"class_list":["post-6264","post","type-post","status-publish","format-standard","has-post-thumbnail","hentry"],"yoast_head":"<!-- This site is optimized with the Yoast SEO plugin v23.4 - https:\/\/yoast.com\/wordpress\/plugins\/seo\/ -->\n<title>Los pilotos de Monlau Repsol y Estrella Galicia 0,0, motivados ante el reto en Montmel - Monlau Motorsport<\/title>\n<meta name=\"description\" content=\"Monlau Motul Technical School es la escuela l\u00edder en mec\u00e1nica de competici\u00f3n tanto en autom\u00f3viles como en motocicletas.\" \/>\n<meta name=\"robots\" content=\"index, follow, max-snippet:-1, max-image-preview:large, max-video-preview:-1\" \/>\n<link rel=\"canonical\" href=\"https:\/\/monlau-motorsport.com\/en\/los-pilotos-de-monlau-repsol-y-estrella-galicia-00-motivados-ante-el-reto-en-montmel\/\" \/>\n<meta property=\"og:locale\" content=\"en_US\" \/>\n<meta property=\"og:type\" content=\"article\" \/>\n<meta property=\"og:title\" content=\"Los pilotos de Monlau Repsol y Estrella Galicia 0,0, motivados ante el reto en Montmel - Monlau Motorsport\" \/>\n<meta property=\"og:description\" content=\"Monlau Motul Technical School es la escuela l\u00edder en mec\u00e1nica de competici\u00f3n tanto en autom\u00f3viles como en motocicletas.\" \/>\n<meta property=\"og:url\" content=\"https:\/\/monlau-motorsport.com\/en\/los-pilotos-de-monlau-repsol-y-estrella-galicia-00-motivados-ante-el-reto-en-montmel\/\" \/>\n<meta property=\"og:site_name\" content=\"Monlau Motorsport\" \/>\n<meta property=\"article:publisher\" content=\"https:\/\/www.facebook.com\/MonlauMotulTechnicalSchool\" \/>\n<meta property=\"article:published_time\" content=\"2016-06-02T00:00:00+00:00\" \/>\n<meta property=\"article:modified_time\" content=\"2020-11-24T14:19:19+00:00\" \/>\n<meta property=\"og:image\" content=\"https:\/\/monlau-motorsport.com\/wp-content\/uploads\/2020\/08\/monlau_repsol_catalangp_estrella_galicia_aron_canet_moto3.jpg\" \/>\n\t<meta property=\"og:image:width\" content=\"1000\" \/>\n\t<meta property=\"og:image:height\" content=\"665\" \/>\n\t<meta property=\"og:image:type\" content=\"image\/jpeg\" \/>\n<meta name=\"author\" content=\"La Maravillosa Agency\" \/>\n<meta name=\"twitter:card\" content=\"summary_large_image\" \/>\n<meta name=\"twitter:creator\" content=\"@MonlauMotul\" \/>\n<meta name=\"twitter:site\" content=\"@MonlauMotul\" \/>\n<meta name=\"twitter:label1\" content=\"Written by\" \/>\n\t<meta name=\"twitter:data1\" content=\"La Maravillosa Agency\" \/>\n\t<meta name=\"twitter:label2\" content=\"Est. reading time\" \/>\n\t<meta name=\"twitter:data2\" content=\"2 minutes\" \/>\n<script type=\"application\/ld+json\" class=\"yoast-schema-graph\">{\"@context\":\"https:\/\/schema.org\",\"@graph\":[{\"@type\":\"Article\",\"@id\":\"https:\/\/monlau-motorsport.com\/en\/los-pilotos-de-monlau-repsol-y-estrella-galicia-00-motivados-ante-el-reto-en-montmel\/#article\",\"isPartOf\":{\"@id\":\"https:\/\/monlau-motorsport.com\/en\/los-pilotos-de-monlau-repsol-y-estrella-galicia-00-motivados-ante-el-reto-en-montmel\/\"},\"author\":{\"name\":\"La Maravillosa Agency\",\"@id\":\"https:\/\/monlau-motorsport.com\/en\/#\/schema\/person\/85f32de9818734c82b7aa149fcd5aeed\"},\"headline\":\"Los pilotos de Monlau Repsol y Estrella Galicia 0,0, motivados ante el reto en Montmel\",\"datePublished\":\"2016-06-02T00:00:00+00:00\",\"dateModified\":\"2020-11-24T14:19:19+00:00\",\"mainEntityOfPage\":{\"@id\":\"https:\/\/monlau-motorsport.com\/en\/los-pilotos-de-monlau-repsol-y-estrella-galicia-00-motivados-ante-el-reto-en-montmel\/\"},\"wordCount\":491,\"commentCount\":0,\"publisher\":{\"@id\":\"https:\/\/monlau-motorsport.com\/en\/#organization\"},\"image\":{\"@id\":\"https:\/\/monlau-motorsport.com\/en\/los-pilotos-de-monlau-repsol-y-estrella-galicia-00-motivados-ante-el-reto-en-montmel\/#primaryimage\"},\"thumbnailUrl\":\"https:\/\/monlau-motorsport.com\/wp-content\/uploads\/2020\/08\/monlau_repsol_catalangp_estrella_galicia_aron_canet_moto3.jpg\",\"inLanguage\":\"en-US\",\"potentialAction\":[{\"@type\":\"CommentAction\",\"name\":\"Comment\",\"target\":[\"https:\/\/monlau-motorsport.com\/en\/los-pilotos-de-monlau-repsol-y-estrella-galicia-00-motivados-ante-el-reto-en-montmel\/#respond\"]}]},{\"@type\":\"WebPage\",\"@id\":\"https:\/\/monlau-motorsport.com\/en\/los-pilotos-de-monlau-repsol-y-estrella-galicia-00-motivados-ante-el-reto-en-montmel\/\",\"url\":\"https:\/\/monlau-motorsport.com\/en\/los-pilotos-de-monlau-repsol-y-estrella-galicia-00-motivados-ante-el-reto-en-montmel\/\",\"name\":\"Los pilotos de Monlau Repsol y Estrella Galicia 0,0, motivados ante el reto en Montmel - Monlau Motorsport\",\"isPartOf\":{\"@id\":\"https:\/\/monlau-motorsport.com\/en\/#website\"},\"primaryImageOfPage\":{\"@id\":\"https:\/\/monlau-motorsport.com\/en\/los-pilotos-de-monlau-repsol-y-estrella-galicia-00-motivados-ante-el-reto-en-montmel\/#primaryimage\"},\"image\":{\"@id\":\"https:\/\/monlau-motorsport.com\/en\/los-pilotos-de-monlau-repsol-y-estrella-galicia-00-motivados-ante-el-reto-en-montmel\/#primaryimage\"},\"thumbnailUrl\":\"https:\/\/monlau-motorsport.com\/wp-content\/uploads\/2020\/08\/monlau_repsol_catalangp_estrella_galicia_aron_canet_moto3.jpg\",\"datePublished\":\"2016-06-02T00:00:00+00:00\",\"dateModified\":\"2020-11-24T14:19:19+00:00\",\"description\":\"Monlau Motul Technical School es la escuela l\u00edder en mec\u00e1nica de competici\u00f3n tanto en autom\u00f3viles como en motocicletas.\",\"breadcrumb\":{\"@id\":\"https:\/\/monlau-motorsport.com\/en\/los-pilotos-de-monlau-repsol-y-estrella-galicia-00-motivados-ante-el-reto-en-montmel\/#breadcrumb\"},\"inLanguage\":\"en-US\",\"potentialAction\":[{\"@type\":\"ReadAction\",\"target\":[\"https:\/\/monlau-motorsport.com\/en\/los-pilotos-de-monlau-repsol-y-estrella-galicia-00-motivados-ante-el-reto-en-montmel\/\"]}]},{\"@type\":\"ImageObject\",\"inLanguage\":\"en-US\",\"@id\":\"https:\/\/monlau-motorsport.com\/en\/los-pilotos-de-monlau-repsol-y-estrella-galicia-00-motivados-ante-el-reto-en-montmel\/#primaryimage\",\"url\":\"https:\/\/monlau-motorsport.com\/wp-content\/uploads\/2020\/08\/monlau_repsol_catalangp_estrella_galicia_aron_canet_moto3.jpg\",\"contentUrl\":\"https:\/\/monlau-motorsport.com\/wp-content\/uploads\/2020\/08\/monlau_repsol_catalangp_estrella_galicia_aron_canet_moto3.jpg\",\"width\":1000,\"height\":665},{\"@type\":\"BreadcrumbList\",\"@id\":\"https:\/\/monlau-motorsport.com\/en\/los-pilotos-de-monlau-repsol-y-estrella-galicia-00-motivados-ante-el-reto-en-montmel\/#breadcrumb\",\"itemListElement\":[{\"@type\":\"ListItem\",\"position\":1,\"name\":\"Portada\",\"item\":\"https:\/\/monlau-motorsport.com\/en\/\"},{\"@type\":\"ListItem\",\"position\":2,\"name\":\"Los pilotos de Monlau Repsol y Estrella Galicia 0,0, motivados ante el reto en Montmel\"}]},{\"@type\":\"WebSite\",\"@id\":\"https:\/\/monlau-motorsport.com\/en\/#website\",\"url\":\"https:\/\/monlau-motorsport.com\/en\/\",\"name\":\"Monlau Motorsport\",\"description\":\"\",\"publisher\":{\"@id\":\"https:\/\/monlau-motorsport.com\/en\/#organization\"},\"potentialAction\":[{\"@type\":\"SearchAction\",\"target\":{\"@type\":\"EntryPoint\",\"urlTemplate\":\"https:\/\/monlau-motorsport.com\/en\/?s={search_term_string}\"},\"query-input\":{\"@type\":\"PropertyValueSpecification\",\"valueRequired\":true,\"valueName\":\"search_term_string\"}}],\"inLanguage\":\"en-US\"},{\"@type\":\"Organization\",\"@id\":\"https:\/\/monlau-motorsport.com\/en\/#organization\",\"name\":\"Monlau Motul Technical School\",\"url\":\"https:\/\/monlau-motorsport.com\/en\/\",\"logo\":{\"@type\":\"ImageObject\",\"inLanguage\":\"en-US\",\"@id\":\"https:\/\/monlau-motorsport.com\/en\/#\/schema\/logo\/image\/\",\"url\":\"https:\/\/monlau-motorsport.com\/wp-content\/uploads\/2022\/03\/MonlauMotul_logo.png\",\"contentUrl\":\"https:\/\/monlau-motorsport.com\/wp-content\/uploads\/2022\/03\/MonlauMotul_logo.png\",\"width\":2000,\"height\":2000,\"caption\":\"Monlau Motul Technical School\"},\"image\":{\"@id\":\"https:\/\/monlau-motorsport.com\/en\/#\/schema\/logo\/image\/\"},\"sameAs\":[\"https:\/\/www.facebook.com\/MonlauMotulTechnicalSchool\",\"https:\/\/x.com\/MonlauMotul\",\"https:\/\/www.instagram.com\/monlau_motul\/\"]},{\"@type\":\"Person\",\"@id\":\"https:\/\/monlau-motorsport.com\/en\/#\/schema\/person\/85f32de9818734c82b7aa149fcd5aeed\",\"name\":\"La Maravillosa Agency\",\"image\":{\"@type\":\"ImageObject\",\"inLanguage\":\"en-US\",\"@id\":\"https:\/\/monlau-motorsport.com\/en\/#\/schema\/person\/image\/\",\"url\":\"https:\/\/secure.gravatar.com\/avatar\/e538f4d4e399075c9ba040f71493196b89e12f12de07ae139530a551085d1a5b?s=96&d=mm&r=g\",\"contentUrl\":\"https:\/\/secure.gravatar.com\/avatar\/e538f4d4e399075c9ba040f71493196b89e12f12de07ae139530a551085d1a5b?s=96&d=mm&r=g\",\"caption\":\"La Maravillosa Agency\"},\"url\":\"https:\/\/monlau-motorsport.com\/en\/author\/admin_motorsport\/\"}]}<\/script>\n<!-- \/ Yoast SEO plugin. -->","yoast_head_json":{"title":"Los pilotos de Monlau Repsol y Estrella Galicia 0,0, motivados ante el reto en Montmel - Monlau Motorsport","description":"Monlau Motul Technical School es la escuela l\u00edder en mec\u00e1nica de competici\u00f3n tanto en autom\u00f3viles como en motocicletas.","robots":{"index":"index","follow":"follow","max-snippet":"max-snippet:-1","max-image-preview":"max-image-preview:large","max-video-preview":"max-video-preview:-1"},"canonical":"https:\/\/monlau-motorsport.com\/en\/los-pilotos-de-monlau-repsol-y-estrella-galicia-00-motivados-ante-el-reto-en-montmel\/","og_locale":"en_US","og_type":"article","og_title":"Los pilotos de Monlau Repsol y Estrella Galicia 0,0, motivados ante el reto en Montmel - Monlau Motorsport","og_description":"Monlau Motul Technical School es la escuela l\u00edder en mec\u00e1nica de competici\u00f3n tanto en autom\u00f3viles como en motocicletas.","og_url":"https:\/\/monlau-motorsport.com\/en\/los-pilotos-de-monlau-repsol-y-estrella-galicia-00-motivados-ante-el-reto-en-montmel\/","og_site_name":"Monlau Motorsport","article_publisher":"https:\/\/www.facebook.com\/MonlauMotulTechnicalSchool","article_published_time":"2016-06-02T00:00:00+00:00","article_modified_time":"2020-11-24T14:19:19+00:00","og_image":[{"width":1000,"height":665,"url":"https:\/\/monlau-motorsport.com\/wp-content\/uploads\/2020\/08\/monlau_repsol_catalangp_estrella_galicia_aron_canet_moto3.jpg","type":"image\/jpeg"}],"author":"La Maravillosa Agency","twitter_card":"summary_large_image","twitter_creator":"@MonlauMotul","twitter_site":"@MonlauMotul","twitter_misc":{"Written by":"La Maravillosa Agency","Est. reading time":"2 minutes"},"schema":{"@context":"https:\/\/schema.org","@graph":[{"@type":"Article","@id":"https:\/\/monlau-motorsport.com\/en\/los-pilotos-de-monlau-repsol-y-estrella-galicia-00-motivados-ante-el-reto-en-montmel\/#article","isPartOf":{"@id":"https:\/\/monlau-motorsport.com\/en\/los-pilotos-de-monlau-repsol-y-estrella-galicia-00-motivados-ante-el-reto-en-montmel\/"},"author":{"name":"La Maravillosa Agency","@id":"https:\/\/monlau-motorsport.com\/en\/#\/schema\/person\/85f32de9818734c82b7aa149fcd5aeed"},"headline":"Los pilotos de Monlau Repsol y Estrella Galicia 0,0, motivados ante el reto en Montmel","datePublished":"2016-06-02T00:00:00+00:00","dateModified":"2020-11-24T14:19:19+00:00","mainEntityOfPage":{"@id":"https:\/\/monlau-motorsport.com\/en\/los-pilotos-de-monlau-repsol-y-estrella-galicia-00-motivados-ante-el-reto-en-montmel\/"},"wordCount":491,"commentCount":0,"publisher":{"@id":"https:\/\/monlau-motorsport.com\/en\/#organization"},"image":{"@id":"https:\/\/monlau-motorsport.com\/en\/los-pilotos-de-monlau-repsol-y-estrella-galicia-00-motivados-ante-el-reto-en-montmel\/#primaryimage"},"thumbnailUrl":"https:\/\/monlau-motorsport.com\/wp-content\/uploads\/2020\/08\/monlau_repsol_catalangp_estrella_galicia_aron_canet_moto3.jpg","inLanguage":"en-US","potentialAction":[{"@type":"CommentAction","name":"Comment","target":["https:\/\/monlau-motorsport.com\/en\/los-pilotos-de-monlau-repsol-y-estrella-galicia-00-motivados-ante-el-reto-en-montmel\/#respond"]}]},{"@type":"WebPage","@id":"https:\/\/monlau-motorsport.com\/en\/los-pilotos-de-monlau-repsol-y-estrella-galicia-00-motivados-ante-el-reto-en-montmel\/","url":"https:\/\/monlau-motorsport.com\/en\/los-pilotos-de-monlau-repsol-y-estrella-galicia-00-motivados-ante-el-reto-en-montmel\/","name":"Los pilotos de Monlau Repsol y Estrella Galicia 0,0, motivados ante el reto en Montmel - Monlau Motorsport","isPartOf":{"@id":"https:\/\/monlau-motorsport.com\/en\/#website"},"primaryImageOfPage":{"@id":"https:\/\/monlau-motorsport.com\/en\/los-pilotos-de-monlau-repsol-y-estrella-galicia-00-motivados-ante-el-reto-en-montmel\/#primaryimage"},"image":{"@id":"https:\/\/monlau-motorsport.com\/en\/los-pilotos-de-monlau-repsol-y-estrella-galicia-00-motivados-ante-el-reto-en-montmel\/#primaryimage"},"thumbnailUrl":"https:\/\/monlau-motorsport.com\/wp-content\/uploads\/2020\/08\/monlau_repsol_catalangp_estrella_galicia_aron_canet_moto3.jpg","datePublished":"2016-06-02T00:00:00+00:00","dateModified":"2020-11-24T14:19:19+00:00","description":"Monlau Motul Technical School es la escuela l\u00edder en mec\u00e1nica de competici\u00f3n tanto en autom\u00f3viles como en motocicletas.","breadcrumb":{"@id":"https:\/\/monlau-motorsport.com\/en\/los-pilotos-de-monlau-repsol-y-estrella-galicia-00-motivados-ante-el-reto-en-montmel\/#breadcrumb"},"inLanguage":"en-US","potentialAction":[{"@type":"ReadAction","target":["https:\/\/monlau-motorsport.com\/en\/los-pilotos-de-monlau-repsol-y-estrella-galicia-00-motivados-ante-el-reto-en-montmel\/"]}]},{"@type":"ImageObject","inLanguage":"en-US","@id":"https:\/\/monlau-motorsport.com\/en\/los-pilotos-de-monlau-repsol-y-estrella-galicia-00-motivados-ante-el-reto-en-montmel\/#primaryimage","url":"https:\/\/monlau-motorsport.com\/wp-content\/uploads\/2020\/08\/monlau_repsol_catalangp_estrella_galicia_aron_canet_moto3.jpg","contentUrl":"https:\/\/monlau-motorsport.com\/wp-content\/uploads\/2020\/08\/monlau_repsol_catalangp_estrella_galicia_aron_canet_moto3.jpg","width":1000,"height":665},{"@type":"BreadcrumbList","@id":"https:\/\/monlau-motorsport.com\/en\/los-pilotos-de-monlau-repsol-y-estrella-galicia-00-motivados-ante-el-reto-en-montmel\/#breadcrumb","itemListElement":[{"@type":"ListItem","position":1,"name":"Portada","item":"https:\/\/monlau-motorsport.com\/en\/"},{"@type":"ListItem","position":2,"name":"Los pilotos de Monlau Repsol y Estrella Galicia 0,0, motivados ante el reto en Montmel"}]},{"@type":"WebSite","@id":"https:\/\/monlau-motorsport.com\/en\/#website","url":"https:\/\/monlau-motorsport.com\/en\/","name":"Monlau Motorsport","description":"","publisher":{"@id":"https:\/\/monlau-motorsport.com\/en\/#organization"},"potentialAction":[{"@type":"SearchAction","target":{"@type":"EntryPoint","urlTemplate":"https:\/\/monlau-motorsport.com\/en\/?s={search_term_string}"},"query-input":{"@type":"PropertyValueSpecification","valueRequired":true,"valueName":"search_term_string"}}],"inLanguage":"en-US"},{"@type":"Organization","@id":"https:\/\/monlau-motorsport.com\/en\/#organization","name":"Monlau Motul Technical School","url":"https:\/\/monlau-motorsport.com\/en\/","logo":{"@type":"ImageObject","inLanguage":"en-US","@id":"https:\/\/monlau-motorsport.com\/en\/#\/schema\/logo\/image\/","url":"https:\/\/monlau-motorsport.com\/wp-content\/uploads\/2022\/03\/MonlauMotul_logo.png","contentUrl":"https:\/\/monlau-motorsport.com\/wp-content\/uploads\/2022\/03\/MonlauMotul_logo.png","width":2000,"height":2000,"caption":"Monlau Motul Technical School"},"image":{"@id":"https:\/\/monlau-motorsport.com\/en\/#\/schema\/logo\/image\/"},"sameAs":["https:\/\/www.facebook.com\/MonlauMotulTechnicalSchool","https:\/\/x.com\/MonlauMotul","https:\/\/www.instagram.com\/monlau_motul\/"]},{"@type":"Person","@id":"https:\/\/monlau-motorsport.com\/en\/#\/schema\/person\/85f32de9818734c82b7aa149fcd5aeed","name":"La Maravillosa Agency","image":{"@type":"ImageObject","inLanguage":"en-US","@id":"https:\/\/monlau-motorsport.com\/en\/#\/schema\/person\/image\/","url":"https:\/\/secure.gravatar.com\/avatar\/e538f4d4e399075c9ba040f71493196b89e12f12de07ae139530a551085d1a5b?s=96&d=mm&r=g","contentUrl":"https:\/\/secure.gravatar.com\/avatar\/e538f4d4e399075c9ba040f71493196b89e12f12de07ae139530a551085d1a5b?s=96&d=mm&r=g","caption":"La Maravillosa Agency"},"url":"https:\/\/monlau-motorsport.com\/en\/author\/admin_motorsport\/"}]}},"_links":{"self":[{"href":"https:\/\/monlau-motorsport.com\/en\/wp-json\/wp\/v2\/posts\/6264","targetHints":{"allow":["GET"]}}],"collection":[{"href":"https:\/\/monlau-motorsport.com\/en\/wp-json\/wp\/v2\/posts"}],"about":[{"href":"https:\/\/monlau-motorsport.com\/en\/wp-json\/wp\/v2\/types\/post"}],"author":[{"embeddable":true,"href":"https:\/\/monlau-motorsport.com\/en\/wp-json\/wp\/v2\/users\/4"}],"replies":[{"embeddable":true,"href":"https:\/\/monlau-motorsport.com\/en\/wp-json\/wp\/v2\/comments?post=6264"}],"version-history":[{"count":1,"href":"https:\/\/monlau-motorsport.com\/en\/wp-json\/wp\/v2\/posts\/6264\/revisions"}],"predecessor-version":[{"id":16971,"href":"https:\/\/monlau-motorsport.com\/en\/wp-json\/wp\/v2\/posts\/6264\/revisions\/16971"}],"wp:featuredmedia":[{"embeddable":true,"href":"https:\/\/monlau-motorsport.com\/en\/wp-json\/wp\/v2\/media\/4090"}],"wp:attachment":[{"href":"https:\/\/monlau-motorsport.com\/en\/wp-json\/wp\/v2\/media?parent=6264"}],"wp:term":[{"taxonomy":"category","embeddable":true,"href":"https:\/\/monlau-motorsport.com\/en\/wp-json\/wp\/v2\/categories?post=6264"},{"taxonomy":"post_tag","embeddable":true,"href":"https:\/\/monlau-motorsport.com\/en\/wp-json\/wp\/v2\/tags?post=6264"}],"curies":[{"name":"wp","href":"https:\/\/api.w.org\/{rel}","templated":true}]}}