{"id":6318,"date":"2016-10-13T00:00:00","date_gmt":"2016-10-13T00:00:00","guid":{"rendered":"https:\/\/monlau-motorsport.com\/doble-representacion-de-monlau-repsol-en-la-ultima-cita-del-cer-en-el-jarama\/"},"modified":"2020-11-24T14:19:44","modified_gmt":"2020-11-24T14:19:44","slug":"doble-representacion-de-monlau-repsol-en-la-ultima-cita-del-cer-en-el-jarama","status":"publish","type":"post","link":"https:\/\/monlau-motorsport.com\/en\/doble-representacion-de-monlau-repsol-en-la-ultima-cita-del-cer-en-el-jarama\/","title":{"rendered":"Doble representaci\u00f3n de Monlau Repsol en la \u00faltima cita del CER en el Jarama"},"content":{"rendered":"<p>La malague\u00f1a Alba Cano y el barcelon\u00e9s David Cebri\u00e1n volver\u00e1n a formar pareja al volante de un Renault Clio Cup IV.<br \/>\nEl italiano Gianluigi Vicinanza y el espa\u00f1ol \u00c1lex Cosin debutar\u00e1n como pilotos de Monlau Repsol a bordo de un SEAT Le\u00f3n Cup Racer.<br \/>\nLa puesta a punto y asistencia de ambos veh\u00edculos correr\u00e1n a cargo de mec\u00e1nicos, ingenieros y estudiantes en pr\u00e1cticas de la escuela de formaci\u00f3n espa\u00f1ola.<br \/>\nEl meeting final del Campeonato de Espa\u00f1a de Resistencia (CER) que se celebra este fin de semana en el Jarama contar\u00e1 con dos veh\u00edculos de Monlau Repsol Technical School en la parrilla de salida. Al habitual Renault Clio Cup IV de Alba Cano y David Cebri\u00e1n se sumar\u00e1 en esta ocasi\u00f3n un SEAT Le\u00f3n Cup Racer, que pilotar\u00e1n por primera vez Gianluigi Vicinanza y \u00c1lex Cosin.<br \/>\nLa malague\u00f1a Alba Cano y el barcelon\u00e9s David Cebri\u00e1n esperan vivir un buen final de fiesta en el circuito madrile\u00f1o y culminar una gran temporada que les ha permitido subir al podio del CER en las dos \u00faltimas citas celebradas, en Alca\u00f1iz y Cheste. En Valencia, incluso se adjudicaron la victoria en la Divisi\u00f3n 3 y la Challenge Galfer en la primera carrera del meeting. Estos \u00e9xitos han situado a Alba Cano con serias opciones de acabar el campeonato en el podio de su categor\u00eda, en funci\u00f3n de los resultados que se produzcan en esta \u00faltima carrera.<br \/>\nTambi\u00e9n acuden con una tremenda ilusi\u00f3n Gianluigi Vicinanza y \u00c1lex Cosin que estrenar\u00e1n un flamante SEAT Le\u00f3n Cup Racer. La asistencia t\u00e9cnica, mec\u00e1nica y deportiva correr\u00e1 a cargo de Monlau Repsol as\u00ed como de Josep Vives, de R-Evolution, que ser\u00e1 el responsable de dicho turismo.<br \/>\nLa pareja italo-espa\u00f1ola es habitual en el CER, aunque se ausentaron en la anterior cita de Cheste. En Madrid reaparecer\u00e1n con nuevas motivaciones y un modelo que nunca antes hab\u00edan pilotado. Por tanto, su objetivo ser\u00e1 asimilar lo mejor posible el cambio de veh\u00edculo y ponerlo a punto de cara ya a la pr\u00f3xima temporada. Eso s\u00ed, a tenor de su esp\u00edritu competitivo, seguro que buscar\u00e1n protagonismo dentro de la disputada categor\u00eda TCR.<br \/>\nEl meeting final del CER cambia de formato. En esta ocasi\u00f3n, la actividad empezar\u00e1 el viernes con los entrenamientos libres, mientras que el s\u00e1bado se celebrar\u00e1n los entrenos de calificaci\u00f3n por la ma\u00f1ana y una \u00fanica carrera por la tarde, que comenzar\u00e1 a las 16h55 y finalizar\u00e1 a las 19h00, despu\u00e9s de dos intensas horas.<br \/>\nMonlau Repsol Technical School desplazar\u00e1 hasta el circuito madrile\u00f1o del Jarama a varios mec\u00e1nicos e ingenieros, as\u00ed como a estudiantes de Mec\u00e1nica de Automovilismo y del M\u00e1ster en Ingenier\u00eda que podr\u00e1n vivir desde dentro la competici\u00f3n y llevar a la pr\u00e1ctica toda la teor\u00eda aprendida en las aulas-taller del centro barcelon\u00e9s. \u00a0<br \/>\n\u00a0<\/p>\n","protected":false},"excerpt":{"rendered":"<p>La malague\u00f1a Alba Cano y el barcelon\u00e9s David Cebri\u00e1n volver\u00e1n a formar pareja al volante de un Renault Clio Cup IV. El italiano Gianluigi Vicinanza y el espa\u00f1ol \u00c1lex Cosin debutar\u00e1n como pilotos de Monlau Repsol a bordo de un SEAT Le\u00f3n Cup Racer. La puesta a punto y asistencia de ambos veh\u00edculos correr\u00e1n a [&hellip;]<\/p>\n","protected":false},"author":4,"featured_media":4145,"comment_status":"open","ping_status":"open","sticky":false,"template":"","format":"standard","meta":{"newsup_original_id":"","newsup_last_updated":"","site-sidebar-layout":"default","site-content-layout":"","ast-site-content-layout":"default","site-content-style":"default","site-sidebar-style":"default","ast-global-header-display":"","ast-banner-title-visibility":"","ast-main-header-display":"","ast-hfb-above-header-display":"","ast-hfb-below-header-display":"","ast-hfb-mobile-header-display":"","site-post-title":"","ast-breadcrumbs-content":"","ast-featured-img":"","footer-sml-layout":"","ast-disable-related-posts":"","theme-transparent-header-meta":"","adv-header-id-meta":"","stick-header-meta":"","header-above-stick-meta":"","header-main-stick-meta":"","header-below-stick-meta":"","astra-migrate-meta-layouts":"default","ast-page-background-enabled":"default","ast-page-background-meta":{"desktop":{"background-color":"","background-image":"","background-repeat":"repeat","background-position":"center center","background-size":"auto","background-attachment":"scroll","background-type":"","background-media":"","overlay-type":"","overlay-color":"","overlay-opacity":"","overlay-gradient":""},"tablet":{"background-color":"","background-image":"","background-repeat":"repeat","background-position":"center center","background-size":"auto","background-attachment":"scroll","background-type":"","background-media":"","overlay-type":"","overlay-color":"","overlay-opacity":"","overlay-gradient":""},"mobile":{"background-color":"","background-image":"","background-repeat":"repeat","background-position":"center center","background-size":"auto","background-attachment":"scroll","background-type":"","background-media":"","overlay-type":"","overlay-color":"","overlay-opacity":"","overlay-gradient":""}},"ast-content-background-meta":{"desktop":{"background-color":"var(--ast-global-color-5)","background-image":"","background-repeat":"repeat","background-position":"center center","background-size":"auto","background-attachment":"scroll","background-type":"","background-media":"","overlay-type":"","overlay-color":"","overlay-opacity":"","overlay-gradient":""},"tablet":{"background-color":"var(--ast-global-color-5)","background-image":"","background-repeat":"repeat","background-position":"center center","background-size":"auto","background-attachment":"scroll","background-type":"","background-media":"","overlay-type":"","overlay-color":"","overlay-opacity":"","overlay-gradient":""},"mobile":{"background-color":"var(--ast-global-color-5)","background-image":"","background-repeat":"repeat","background-position":"center center","background-size":"auto","background-attachment":"scroll","background-type":"","background-media":"","overlay-type":"","overlay-color":"","overlay-opacity":"","overlay-gradient":""}},"footnotes":""},"categories":[],"tags":[],"class_list":["post-6318","post","type-post","status-publish","format-standard","has-post-thumbnail","hentry"],"yoast_head":"<!-- This site is optimized with the Yoast SEO plugin v23.4 - https:\/\/yoast.com\/wordpress\/plugins\/seo\/ -->\n<title>Doble representaci\u00f3n de Monlau Repsol en la \u00faltima cita del CER en el Jarama - Monlau Motorsport<\/title>\n<meta name=\"description\" content=\"Monlau Motul Technical School es la escuela l\u00edder en mec\u00e1nica de competici\u00f3n tanto en autom\u00f3viles como en motocicletas.\" \/>\n<meta name=\"robots\" content=\"index, follow, max-snippet:-1, max-image-preview:large, max-video-preview:-1\" \/>\n<link rel=\"canonical\" href=\"https:\/\/monlau-motorsport.com\/en\/doble-representacion-de-monlau-repsol-en-la-ultima-cita-del-cer-en-el-jarama\/\" \/>\n<meta property=\"og:locale\" content=\"en_US\" \/>\n<meta property=\"og:type\" content=\"article\" \/>\n<meta property=\"og:title\" content=\"Doble representaci\u00f3n de Monlau Repsol en la \u00faltima cita del CER en el Jarama - Monlau Motorsport\" \/>\n<meta property=\"og:description\" content=\"Monlau Motul Technical School es la escuela l\u00edder en mec\u00e1nica de competici\u00f3n tanto en autom\u00f3viles como en motocicletas.\" \/>\n<meta property=\"og:url\" content=\"https:\/\/monlau-motorsport.com\/en\/doble-representacion-de-monlau-repsol-en-la-ultima-cita-del-cer-en-el-jarama\/\" \/>\n<meta property=\"og:site_name\" content=\"Monlau Motorsport\" \/>\n<meta property=\"article:publisher\" content=\"https:\/\/www.facebook.com\/MonlauMotulTechnicalSchool\" \/>\n<meta property=\"article:published_time\" content=\"2016-10-13T00:00:00+00:00\" \/>\n<meta property=\"article:modified_time\" content=\"2020-11-24T14:19:44+00:00\" \/>\n<meta property=\"og:image\" content=\"https:\/\/monlau-motorsport.com\/wp-content\/uploads\/2020\/08\/url.jpg\" \/>\n\t<meta property=\"og:image:width\" content=\"2362\" \/>\n\t<meta property=\"og:image:height\" content=\"1635\" \/>\n\t<meta property=\"og:image:type\" content=\"image\/jpeg\" \/>\n<meta name=\"author\" content=\"La Maravillosa Agency\" \/>\n<meta name=\"twitter:card\" content=\"summary_large_image\" \/>\n<meta name=\"twitter:creator\" content=\"@MonlauMotul\" \/>\n<meta name=\"twitter:site\" content=\"@MonlauMotul\" \/>\n<meta name=\"twitter:label1\" content=\"Written by\" \/>\n\t<meta name=\"twitter:data1\" content=\"La Maravillosa Agency\" \/>\n\t<meta name=\"twitter:label2\" content=\"Est. reading time\" \/>\n\t<meta name=\"twitter:data2\" content=\"3 minutes\" \/>\n<script type=\"application\/ld+json\" class=\"yoast-schema-graph\">{\"@context\":\"https:\/\/schema.org\",\"@graph\":[{\"@type\":\"Article\",\"@id\":\"https:\/\/monlau-motorsport.com\/en\/doble-representacion-de-monlau-repsol-en-la-ultima-cita-del-cer-en-el-jarama\/#article\",\"isPartOf\":{\"@id\":\"https:\/\/monlau-motorsport.com\/en\/doble-representacion-de-monlau-repsol-en-la-ultima-cita-del-cer-en-el-jarama\/\"},\"author\":{\"name\":\"La Maravillosa Agency\",\"@id\":\"https:\/\/monlau-motorsport.com\/en\/#\/schema\/person\/85f32de9818734c82b7aa149fcd5aeed\"},\"headline\":\"Doble representaci\u00f3n de Monlau Repsol en la \u00faltima cita del CER en el Jarama\",\"datePublished\":\"2016-10-13T00:00:00+00:00\",\"dateModified\":\"2020-11-24T14:19:44+00:00\",\"mainEntityOfPage\":{\"@id\":\"https:\/\/monlau-motorsport.com\/en\/doble-representacion-de-monlau-repsol-en-la-ultima-cita-del-cer-en-el-jarama\/\"},\"wordCount\":527,\"commentCount\":0,\"publisher\":{\"@id\":\"https:\/\/monlau-motorsport.com\/en\/#organization\"},\"image\":{\"@id\":\"https:\/\/monlau-motorsport.com\/en\/doble-representacion-de-monlau-repsol-en-la-ultima-cita-del-cer-en-el-jarama\/#primaryimage\"},\"thumbnailUrl\":\"https:\/\/monlau-motorsport.com\/wp-content\/uploads\/2020\/08\/url.jpg\",\"inLanguage\":\"en-US\",\"potentialAction\":[{\"@type\":\"CommentAction\",\"name\":\"Comment\",\"target\":[\"https:\/\/monlau-motorsport.com\/en\/doble-representacion-de-monlau-repsol-en-la-ultima-cita-del-cer-en-el-jarama\/#respond\"]}]},{\"@type\":\"WebPage\",\"@id\":\"https:\/\/monlau-motorsport.com\/en\/doble-representacion-de-monlau-repsol-en-la-ultima-cita-del-cer-en-el-jarama\/\",\"url\":\"https:\/\/monlau-motorsport.com\/en\/doble-representacion-de-monlau-repsol-en-la-ultima-cita-del-cer-en-el-jarama\/\",\"name\":\"Doble representaci\u00f3n de Monlau Repsol en la \u00faltima cita del CER en el Jarama - Monlau Motorsport\",\"isPartOf\":{\"@id\":\"https:\/\/monlau-motorsport.com\/en\/#website\"},\"primaryImageOfPage\":{\"@id\":\"https:\/\/monlau-motorsport.com\/en\/doble-representacion-de-monlau-repsol-en-la-ultima-cita-del-cer-en-el-jarama\/#primaryimage\"},\"image\":{\"@id\":\"https:\/\/monlau-motorsport.com\/en\/doble-representacion-de-monlau-repsol-en-la-ultima-cita-del-cer-en-el-jarama\/#primaryimage\"},\"thumbnailUrl\":\"https:\/\/monlau-motorsport.com\/wp-content\/uploads\/2020\/08\/url.jpg\",\"datePublished\":\"2016-10-13T00:00:00+00:00\",\"dateModified\":\"2020-11-24T14:19:44+00:00\",\"description\":\"Monlau Motul Technical School es la escuela l\u00edder en mec\u00e1nica de competici\u00f3n tanto en autom\u00f3viles como en motocicletas.\",\"breadcrumb\":{\"@id\":\"https:\/\/monlau-motorsport.com\/en\/doble-representacion-de-monlau-repsol-en-la-ultima-cita-del-cer-en-el-jarama\/#breadcrumb\"},\"inLanguage\":\"en-US\",\"potentialAction\":[{\"@type\":\"ReadAction\",\"target\":[\"https:\/\/monlau-motorsport.com\/en\/doble-representacion-de-monlau-repsol-en-la-ultima-cita-del-cer-en-el-jarama\/\"]}]},{\"@type\":\"ImageObject\",\"inLanguage\":\"en-US\",\"@id\":\"https:\/\/monlau-motorsport.com\/en\/doble-representacion-de-monlau-repsol-en-la-ultima-cita-del-cer-en-el-jarama\/#primaryimage\",\"url\":\"https:\/\/monlau-motorsport.com\/wp-content\/uploads\/2020\/08\/url.jpg\",\"contentUrl\":\"https:\/\/monlau-motorsport.com\/wp-content\/uploads\/2020\/08\/url.jpg\",\"width\":2362,\"height\":1635},{\"@type\":\"BreadcrumbList\",\"@id\":\"https:\/\/monlau-motorsport.com\/en\/doble-representacion-de-monlau-repsol-en-la-ultima-cita-del-cer-en-el-jarama\/#breadcrumb\",\"itemListElement\":[{\"@type\":\"ListItem\",\"position\":1,\"name\":\"Portada\",\"item\":\"https:\/\/monlau-motorsport.com\/en\/\"},{\"@type\":\"ListItem\",\"position\":2,\"name\":\"Doble representaci\u00f3n de Monlau Repsol en la \u00faltima cita del CER en el Jarama\"}]},{\"@type\":\"WebSite\",\"@id\":\"https:\/\/monlau-motorsport.com\/en\/#website\",\"url\":\"https:\/\/monlau-motorsport.com\/en\/\",\"name\":\"Monlau Motorsport\",\"description\":\"\",\"publisher\":{\"@id\":\"https:\/\/monlau-motorsport.com\/en\/#organization\"},\"potentialAction\":[{\"@type\":\"SearchAction\",\"target\":{\"@type\":\"EntryPoint\",\"urlTemplate\":\"https:\/\/monlau-motorsport.com\/en\/?s={search_term_string}\"},\"query-input\":{\"@type\":\"PropertyValueSpecification\",\"valueRequired\":true,\"valueName\":\"search_term_string\"}}],\"inLanguage\":\"en-US\"},{\"@type\":\"Organization\",\"@id\":\"https:\/\/monlau-motorsport.com\/en\/#organization\",\"name\":\"Monlau Motul Technical School\",\"url\":\"https:\/\/monlau-motorsport.com\/en\/\",\"logo\":{\"@type\":\"ImageObject\",\"inLanguage\":\"en-US\",\"@id\":\"https:\/\/monlau-motorsport.com\/en\/#\/schema\/logo\/image\/\",\"url\":\"https:\/\/monlau-motorsport.com\/wp-content\/uploads\/2022\/03\/MonlauMotul_logo.png\",\"contentUrl\":\"https:\/\/monlau-motorsport.com\/wp-content\/uploads\/2022\/03\/MonlauMotul_logo.png\",\"width\":2000,\"height\":2000,\"caption\":\"Monlau Motul Technical School\"},\"image\":{\"@id\":\"https:\/\/monlau-motorsport.com\/en\/#\/schema\/logo\/image\/\"},\"sameAs\":[\"https:\/\/www.facebook.com\/MonlauMotulTechnicalSchool\",\"https:\/\/x.com\/MonlauMotul\",\"https:\/\/www.instagram.com\/monlau_motul\/\"]},{\"@type\":\"Person\",\"@id\":\"https:\/\/monlau-motorsport.com\/en\/#\/schema\/person\/85f32de9818734c82b7aa149fcd5aeed\",\"name\":\"La Maravillosa Agency\",\"image\":{\"@type\":\"ImageObject\",\"inLanguage\":\"en-US\",\"@id\":\"https:\/\/monlau-motorsport.com\/en\/#\/schema\/person\/image\/\",\"url\":\"https:\/\/secure.gravatar.com\/avatar\/e538f4d4e399075c9ba040f71493196b89e12f12de07ae139530a551085d1a5b?s=96&d=mm&r=g\",\"contentUrl\":\"https:\/\/secure.gravatar.com\/avatar\/e538f4d4e399075c9ba040f71493196b89e12f12de07ae139530a551085d1a5b?s=96&d=mm&r=g\",\"caption\":\"La Maravillosa Agency\"},\"url\":\"https:\/\/monlau-motorsport.com\/en\/author\/admin_motorsport\/\"}]}<\/script>\n<!-- \/ Yoast SEO plugin. -->","yoast_head_json":{"title":"Doble representaci\u00f3n de Monlau Repsol en la \u00faltima cita del CER en el Jarama - Monlau Motorsport","description":"Monlau Motul Technical School es la escuela l\u00edder en mec\u00e1nica de competici\u00f3n tanto en autom\u00f3viles como en motocicletas.","robots":{"index":"index","follow":"follow","max-snippet":"max-snippet:-1","max-image-preview":"max-image-preview:large","max-video-preview":"max-video-preview:-1"},"canonical":"https:\/\/monlau-motorsport.com\/en\/doble-representacion-de-monlau-repsol-en-la-ultima-cita-del-cer-en-el-jarama\/","og_locale":"en_US","og_type":"article","og_title":"Doble representaci\u00f3n de Monlau Repsol en la \u00faltima cita del CER en el Jarama - Monlau Motorsport","og_description":"Monlau Motul Technical School es la escuela l\u00edder en mec\u00e1nica de competici\u00f3n tanto en autom\u00f3viles como en motocicletas.","og_url":"https:\/\/monlau-motorsport.com\/en\/doble-representacion-de-monlau-repsol-en-la-ultima-cita-del-cer-en-el-jarama\/","og_site_name":"Monlau Motorsport","article_publisher":"https:\/\/www.facebook.com\/MonlauMotulTechnicalSchool","article_published_time":"2016-10-13T00:00:00+00:00","article_modified_time":"2020-11-24T14:19:44+00:00","og_image":[{"width":2362,"height":1635,"url":"https:\/\/monlau-motorsport.com\/wp-content\/uploads\/2020\/08\/url.jpg","type":"image\/jpeg"}],"author":"La Maravillosa Agency","twitter_card":"summary_large_image","twitter_creator":"@MonlauMotul","twitter_site":"@MonlauMotul","twitter_misc":{"Written by":"La Maravillosa Agency","Est. reading time":"3 minutes"},"schema":{"@context":"https:\/\/schema.org","@graph":[{"@type":"Article","@id":"https:\/\/monlau-motorsport.com\/en\/doble-representacion-de-monlau-repsol-en-la-ultima-cita-del-cer-en-el-jarama\/#article","isPartOf":{"@id":"https:\/\/monlau-motorsport.com\/en\/doble-representacion-de-monlau-repsol-en-la-ultima-cita-del-cer-en-el-jarama\/"},"author":{"name":"La Maravillosa Agency","@id":"https:\/\/monlau-motorsport.com\/en\/#\/schema\/person\/85f32de9818734c82b7aa149fcd5aeed"},"headline":"Doble representaci\u00f3n de Monlau Repsol en la \u00faltima cita del CER en el Jarama","datePublished":"2016-10-13T00:00:00+00:00","dateModified":"2020-11-24T14:19:44+00:00","mainEntityOfPage":{"@id":"https:\/\/monlau-motorsport.com\/en\/doble-representacion-de-monlau-repsol-en-la-ultima-cita-del-cer-en-el-jarama\/"},"wordCount":527,"commentCount":0,"publisher":{"@id":"https:\/\/monlau-motorsport.com\/en\/#organization"},"image":{"@id":"https:\/\/monlau-motorsport.com\/en\/doble-representacion-de-monlau-repsol-en-la-ultima-cita-del-cer-en-el-jarama\/#primaryimage"},"thumbnailUrl":"https:\/\/monlau-motorsport.com\/wp-content\/uploads\/2020\/08\/url.jpg","inLanguage":"en-US","potentialAction":[{"@type":"CommentAction","name":"Comment","target":["https:\/\/monlau-motorsport.com\/en\/doble-representacion-de-monlau-repsol-en-la-ultima-cita-del-cer-en-el-jarama\/#respond"]}]},{"@type":"WebPage","@id":"https:\/\/monlau-motorsport.com\/en\/doble-representacion-de-monlau-repsol-en-la-ultima-cita-del-cer-en-el-jarama\/","url":"https:\/\/monlau-motorsport.com\/en\/doble-representacion-de-monlau-repsol-en-la-ultima-cita-del-cer-en-el-jarama\/","name":"Doble representaci\u00f3n de Monlau Repsol en la \u00faltima cita del CER en el Jarama - Monlau Motorsport","isPartOf":{"@id":"https:\/\/monlau-motorsport.com\/en\/#website"},"primaryImageOfPage":{"@id":"https:\/\/monlau-motorsport.com\/en\/doble-representacion-de-monlau-repsol-en-la-ultima-cita-del-cer-en-el-jarama\/#primaryimage"},"image":{"@id":"https:\/\/monlau-motorsport.com\/en\/doble-representacion-de-monlau-repsol-en-la-ultima-cita-del-cer-en-el-jarama\/#primaryimage"},"thumbnailUrl":"https:\/\/monlau-motorsport.com\/wp-content\/uploads\/2020\/08\/url.jpg","datePublished":"2016-10-13T00:00:00+00:00","dateModified":"2020-11-24T14:19:44+00:00","description":"Monlau Motul Technical School es la escuela l\u00edder en mec\u00e1nica de competici\u00f3n tanto en autom\u00f3viles como en motocicletas.","breadcrumb":{"@id":"https:\/\/monlau-motorsport.com\/en\/doble-representacion-de-monlau-repsol-en-la-ultima-cita-del-cer-en-el-jarama\/#breadcrumb"},"inLanguage":"en-US","potentialAction":[{"@type":"ReadAction","target":["https:\/\/monlau-motorsport.com\/en\/doble-representacion-de-monlau-repsol-en-la-ultima-cita-del-cer-en-el-jarama\/"]}]},{"@type":"ImageObject","inLanguage":"en-US","@id":"https:\/\/monlau-motorsport.com\/en\/doble-representacion-de-monlau-repsol-en-la-ultima-cita-del-cer-en-el-jarama\/#primaryimage","url":"https:\/\/monlau-motorsport.com\/wp-content\/uploads\/2020\/08\/url.jpg","contentUrl":"https:\/\/monlau-motorsport.com\/wp-content\/uploads\/2020\/08\/url.jpg","width":2362,"height":1635},{"@type":"BreadcrumbList","@id":"https:\/\/monlau-motorsport.com\/en\/doble-representacion-de-monlau-repsol-en-la-ultima-cita-del-cer-en-el-jarama\/#breadcrumb","itemListElement":[{"@type":"ListItem","position":1,"name":"Portada","item":"https:\/\/monlau-motorsport.com\/en\/"},{"@type":"ListItem","position":2,"name":"Doble representaci\u00f3n de Monlau Repsol en la \u00faltima cita del CER en el Jarama"}]},{"@type":"WebSite","@id":"https:\/\/monlau-motorsport.com\/en\/#website","url":"https:\/\/monlau-motorsport.com\/en\/","name":"Monlau Motorsport","description":"","publisher":{"@id":"https:\/\/monlau-motorsport.com\/en\/#organization"},"potentialAction":[{"@type":"SearchAction","target":{"@type":"EntryPoint","urlTemplate":"https:\/\/monlau-motorsport.com\/en\/?s={search_term_string}"},"query-input":{"@type":"PropertyValueSpecification","valueRequired":true,"valueName":"search_term_string"}}],"inLanguage":"en-US"},{"@type":"Organization","@id":"https:\/\/monlau-motorsport.com\/en\/#organization","name":"Monlau Motul Technical School","url":"https:\/\/monlau-motorsport.com\/en\/","logo":{"@type":"ImageObject","inLanguage":"en-US","@id":"https:\/\/monlau-motorsport.com\/en\/#\/schema\/logo\/image\/","url":"https:\/\/monlau-motorsport.com\/wp-content\/uploads\/2022\/03\/MonlauMotul_logo.png","contentUrl":"https:\/\/monlau-motorsport.com\/wp-content\/uploads\/2022\/03\/MonlauMotul_logo.png","width":2000,"height":2000,"caption":"Monlau Motul Technical School"},"image":{"@id":"https:\/\/monlau-motorsport.com\/en\/#\/schema\/logo\/image\/"},"sameAs":["https:\/\/www.facebook.com\/MonlauMotulTechnicalSchool","https:\/\/x.com\/MonlauMotul","https:\/\/www.instagram.com\/monlau_motul\/"]},{"@type":"Person","@id":"https:\/\/monlau-motorsport.com\/en\/#\/schema\/person\/85f32de9818734c82b7aa149fcd5aeed","name":"La Maravillosa Agency","image":{"@type":"ImageObject","inLanguage":"en-US","@id":"https:\/\/monlau-motorsport.com\/en\/#\/schema\/person\/image\/","url":"https:\/\/secure.gravatar.com\/avatar\/e538f4d4e399075c9ba040f71493196b89e12f12de07ae139530a551085d1a5b?s=96&d=mm&r=g","contentUrl":"https:\/\/secure.gravatar.com\/avatar\/e538f4d4e399075c9ba040f71493196b89e12f12de07ae139530a551085d1a5b?s=96&d=mm&r=g","caption":"La Maravillosa Agency"},"url":"https:\/\/monlau-motorsport.com\/en\/author\/admin_motorsport\/"}]}},"_links":{"self":[{"href":"https:\/\/monlau-motorsport.com\/en\/wp-json\/wp\/v2\/posts\/6318","targetHints":{"allow":["GET"]}}],"collection":[{"href":"https:\/\/monlau-motorsport.com\/en\/wp-json\/wp\/v2\/posts"}],"about":[{"href":"https:\/\/monlau-motorsport.com\/en\/wp-json\/wp\/v2\/types\/post"}],"author":[{"embeddable":true,"href":"https:\/\/monlau-motorsport.com\/en\/wp-json\/wp\/v2\/users\/4"}],"replies":[{"embeddable":true,"href":"https:\/\/monlau-motorsport.com\/en\/wp-json\/wp\/v2\/comments?post=6318"}],"version-history":[{"count":1,"href":"https:\/\/monlau-motorsport.com\/en\/wp-json\/wp\/v2\/posts\/6318\/revisions"}],"predecessor-version":[{"id":17031,"href":"https:\/\/monlau-motorsport.com\/en\/wp-json\/wp\/v2\/posts\/6318\/revisions\/17031"}],"wp:featuredmedia":[{"embeddable":true,"href":"https:\/\/monlau-motorsport.com\/en\/wp-json\/wp\/v2\/media\/4145"}],"wp:attachment":[{"href":"https:\/\/monlau-motorsport.com\/en\/wp-json\/wp\/v2\/media?parent=6318"}],"wp:term":[{"taxonomy":"category","embeddable":true,"href":"https:\/\/monlau-motorsport.com\/en\/wp-json\/wp\/v2\/categories?post=6318"},{"taxonomy":"post_tag","embeddable":true,"href":"https:\/\/monlau-motorsport.com\/en\/wp-json\/wp\/v2\/tags?post=6318"}],"curies":[{"name":"wp","href":"https:\/\/api.w.org\/{rel}","templated":true}]}}